{"id":3689,"date":"2024-03-19T15:33:46","date_gmt":"2024-03-19T18:33:46","guid":{"rendered":"https:\/\/paginacero.com.uy\/?p=3689"},"modified":"2024-03-19T15:33:46","modified_gmt":"2024-03-19T18:33:46","slug":"sarandi-del-yi-esta-invadido-de-roedores-y-se-deben-tomar-medidas-urgentes","status":"publish","type":"post","link":"https:\/\/paginacero.com.uy\/?p=3689","title":{"rendered":"\u201cSarand\u00ed del Y\u00ed est\u00e1 invadido de roedores y se deben tomar medidas urgentes\u201d"},"content":{"rendered":"<p><strong>El edil frenteamplista Jos\u00e9 Rizzo destac\u00f3 el serio problema que est\u00e1 enfrentando la ciudad de Sarand\u00ed del Yi con respecto a la proliferaci\u00f3n de roedores y pide urgentes medidas para controlarlos.<\/strong><!--more--><\/p>\n<p>\u201cSarand\u00ed del Y\u00ed tiene algunas cosas que no tiene nada que envidiarle a capitales europeas como puede ser Par\u00eds, por ejemplo,usted dir\u00e1, est\u00e1 al lado del r\u00edo Sena, no, estamos al lado del r\u00edo Y\u00ed, pero Sarand\u00ed del Y\u00ed en su zona centro est\u00e1 inundado de roedores, lamentablemente, tristemente. Par\u00eds perdi\u00f3 esa batalla con los roedores, esperemos que Sarand\u00ed Del Y\u00ed no, es esto responsabilidad del municipio o del Ejecutivo departamental al cien por ciento, no. Pero durante muchos a\u00f1os Sarand\u00ed del Yi en el centro ha tenido dos locaciones, una de ellas el ex parque Wanderers que se limpi\u00f3 pero no sabemos si se hizo alg\u00fan control de plagas y el edificio del ex Hotel Espa\u00f1a\u201d dijo.<\/p>\n<p>Manifest\u00f3 que son varias las construcciones que est\u00e1n abandonadas y all\u00ed deber\u00edan realizarse controles y limpiezas adecuadas, haciendo uso de los reglamentos vigentes.<\/p>\n<p>\u201cTambi\u00e9n hay algunas otras construcciones que est\u00e1n un tanto abandonadas, que es m\u00e1s, hay una de ellas que se dijo hace unos a\u00f1os atr\u00e1s en esta Junta que eso iba a ser donado, hab\u00eda un testamento, un documento,que pasar\u00eda a ser propiedad de la Intendencia en un futuro, si esa familia tiene esa intenci\u00f3n podr\u00eda autorizar al gobierno departamental a ingresar y hacer alguna limpieza, de ser necesario, porque hay comerciantes y vecinos que se est\u00e1n movilizando, han levantado firmas, para ver si se puede hacer algo. Hay en pleno centro una escuela, sabemos que en esa cuadra tambi\u00e9n hay problemas con roedores, tambi\u00e9n sabemos que de a poco se est\u00e1n movilizando, solicitando a los vecinos que tengan predios que no est\u00e9n en condiciones que los limpien, pero hay tambi\u00e9n algunos edificios y decretos departamentales que habla en caso de edificios que est\u00e9n un tanto ruinosos o con peligro de derrumbe, a costo de los propietarios el gobierno departamental puede intervenir, incluso demoler esos edificios. Esperemos que esto se solucione lo antes posible\u201d dijo.<\/p>\n<p>Se refiri\u00f3 tambi\u00e9n a la obra del ex hotel Espa\u00f1a, que fuera reclamada por los gobiernos departamentales y locales, pero que actualmente est\u00e1 pr\u00e1cticamente desestimada.<\/p>\n<p>\u201cCon respecto al Hotel Espa\u00f1a, desde hace quince a\u00f1os que los diferentes gobiernos de Sarand\u00ed del Y\u00ed quieren hacer algo, lo presupuestan, piden dinero, ponen dinero para intervenir esa construcci\u00f3n, se logr\u00f3 comprar, parece que ahora no hay inter\u00e9s en el hotel espa\u00f1a, se gast\u00f3 un dinero y no se sabe que va a pasar all\u00ed. El dinero que estaba presupuestado sabemos que se utiliz\u00f3 en algunas otras obras, pero por declaraciones del intendente Vidal\u00edn a la prensa de Sarand\u00ed del Y\u00ed nos enteramos que el consejo no tendr\u00eda inter\u00e9s en intervenir ese edificio en lo que queda de este gobierno\u201d agreg\u00f3.<\/p>\n<p>Tambi\u00e9n se refiri\u00f3 a las dificultades que est\u00e1n teniendo los usuarios de las l\u00edneas interdepartamental con las paradas ubicadas en ruta 5, donde por cuestiones de seguridad se han restringido algunas de ellas.<\/p>\n<p>\u201cIgual que la ruta, nos tenemos que dar cuenta que la gente del interior del departamento est\u00e1 solicitando una soluci\u00f3n a ese problema.. En febrero de 2020 el entonces edil Lerena dijo que se logr\u00f3 la construcci\u00f3n de un bols\u00f3n despu\u00e9s de 16 o 18 a\u00f1os, en calle Artigas. Los \u00f3mnibus no est\u00e1n parando ah\u00ed por una cuesti\u00f3n de seguridad a pedido del Ministerio de Transporte y Obras P\u00fablicas, o sea que la llave a esa soluci\u00f3n la tiene el Ministerio, en hacer un bols\u00f3n que brinde seguridad y sobre todo, facilitarle tanto a estudiantes, usuarios de la salud, no tener que llegar hasta la Terminal. Soy usuario del transporte y a diario la gente est\u00e1 reclamando lo mismo, la empresa no puede ir por la calle paralela por una cuesti\u00f3n de seguros de los veh\u00edculos, por lo tanto la soluci\u00f3n est\u00e1 en manos del Ministerio de Transporte y Obras P\u00fablicas por lo tanto pido que mis palabras pasen al Ministerio, a la Divisi\u00f3n Nacional de Vialidad\u201d finaliz\u00f3 diciendo.<\/p>\n","protected":false},"excerpt":{"rendered":"<p>El edil frenteamplista Jos\u00e9 Rizzo destac\u00f3 el serio problema que est\u00e1 enfrentando la ciudad de Sarand\u00ed del Yi con respecto a la proliferaci\u00f3n de roedores y pide urgentes medidas para controlarlos.<\/p>\n","protected":false},"author":4,"featured_media":3690,"comment_status":"closed","ping_status":"closed","sticky":false,"template":"","format":"standard","meta":{"_monsterinsights_skip_tracking":false,"_monsterinsights_sitenote_active":false,"_monsterinsights_sitenote_note":"","_monsterinsights_sitenote_category":0,"footnotes":""},"categories":[5],"tags":[],"class_list":["post-3689","post","type-post","status-publish","format-standard","has-post-thumbnail","hentry","category-durazno"],"_links":{"self":[{"href":"https:\/\/paginacero.com.uy\/index.php?rest_route=\/wp\/v2\/posts\/3689","targetHints":{"allow":["GET"]}}],"collection":[{"href":"https:\/\/paginacero.com.uy\/index.php?rest_route=\/wp\/v2\/posts"}],"about":[{"href":"https:\/\/paginacero.com.uy\/index.php?rest_route=\/wp\/v2\/types\/post"}],"author":[{"embeddable":true,"href":"https:\/\/paginacero.com.uy\/index.php?rest_route=\/wp\/v2\/users\/4"}],"replies":[{"embeddable":true,"href":"https:\/\/paginacero.com.uy\/index.php?rest_route=%2Fwp%2Fv2%2Fcomments&post=3689"}],"version-history":[{"count":1,"href":"https:\/\/paginacero.com.uy\/index.php?rest_route=\/wp\/v2\/posts\/3689\/revisions"}],"predecessor-version":[{"id":3691,"href":"https:\/\/paginacero.com.uy\/index.php?rest_route=\/wp\/v2\/posts\/3689\/revisions\/3691"}],"wp:featuredmedia":[{"embeddable":true,"href":"https:\/\/paginacero.com.uy\/index.php?rest_route=\/wp\/v2\/media\/3690"}],"wp:attachment":[{"href":"https:\/\/paginacero.com.uy\/index.php?rest_route=%2Fwp%2Fv2%2Fmedia&parent=3689"}],"wp:term":[{"taxonomy":"category","embeddable":true,"href":"https:\/\/paginacero.com.uy\/index.php?rest_route=%2Fwp%2Fv2%2Fcategories&post=3689"},{"taxonomy":"post_tag","embeddable":true,"href":"https:\/\/paginacero.com.uy\/index.php?rest_route=%2Fwp%2Fv2%2Ftags&post=3689"}],"curies":[{"name":"wp","href":"https:\/\/api.w.org\/{rel}","templated":true}]}}