{"id":3686,"date":"2024-03-19T15:32:19","date_gmt":"2024-03-19T18:32:19","guid":{"rendered":"https:\/\/paginacero.com.uy\/?p=3686"},"modified":"2024-03-19T15:32:19","modified_gmt":"2024-03-19T18:32:19","slug":"se-lanzo-el-proyecto-de-la-ruta-19-un-logro-para-la-zona","status":"publish","type":"post","link":"https:\/\/paginacero.com.uy\/?p=3686","title":{"rendered":"\u201cSe lanz\u00f3 el proyecto de la ruta 19, un logro para la zona\u201d"},"content":{"rendered":"<p><strong>La edila nacionalista Anabel Fuentes celebr\u00f3 la concreci\u00f3n del proyecto del nuevo trazado de la ruta 19, una necesidad sentida por los vecinos y productores de la zona.<\/strong><!--more--><\/p>\n<p>En la sesi\u00f3n de la Junta Departamental la edila felicit\u00f3 el logro de este proyecto que fue lanzado p\u00fablicamente con autoridades nacionales y departamentales, donde se dieron a conocer detalles del cronograma para el futuro, haciendo un nuevo trazado de la misma, con mayor seguridad y los servicios necesarios para productores y vecinos.<\/p>\n<p>\u201cEl pasado jueves estuvimos participando en el lanzamiento del proyecto \u201cRuta 19, tramo comercio Echenique-Cerro Chato y empalme ruta 6 con ruta 14\u201d con la presencia del Ministro de Transporte y Obras P\u00fablicas, el intendente de Durazno, entre otras autoridades, en la localidad de Cerro Chato. Celebramos la concreci\u00f3n de dicha obra ya que es un anhelo de los vecinos por muchos a\u00f1os y se va a ver favorecida una extensa zona\u201d dijo la edila.<\/p>\n<p>\u201cEs una ruta sumamente importante para la producci\u00f3n y la conectividad de nuestro pa\u00eds. Me gustar\u00eda recordar que desde esta banca venimos trabajando el tema de la caminer\u00eda rural en general desde hace much\u00edsimo tiempo, dir\u00edamos desde siempre. En este caso particular, y con la versi\u00f3n taquigr\u00e1fica en mano, recordamos aquel primero de marzo de 2019 cuando presentamos en este recinto m\u00e1s de trescientas firmas de vecinos preocupados por el estado de la ruta, las que tambi\u00e9n en aquel entonces hac\u00edamos entrega en mano al Ministro de Transporte de ese momento\u201d agreg\u00f3.<\/p>\n<p>En el lanzamiento se dieron a conocer los pasos a seguir, expropiaciones, costos y plazos de la obra.<\/p>\n<p>\u201cHoy, despu\u00e9s de conocer el proyecto del nuevo trazado, las futuras rotondas, podemos decir que esta obra es una realidad en la cual ya se comenz\u00f3 con el mantenimiento de la ruta mientras se ultiman detalles de expropiaciones para el nuevo trazado. Quiero desde esta banca felicitar al Ministro de Transporte Falero, no solo por la concreci\u00f3n de esta ruta 19 sino por la gesti\u00f3n que viene llevando adelante a lo largo y ancho de todo el pa\u00eds y fundamentalmente resaltar en el interior profundo, en el cual siempre estuvo olvidado, pero hoy las obras est\u00e1n a la vista. Quiero que estas palabras pasen al Ministro de Transporte y Obras P\u00fablicas\u201d indic\u00f3.<\/p>\n<p>El proyecto de la nueva ruta 19, une el tramo que conecta Cerro Chato con comercio Sainz y es una respuesta a un anhelo de los pobladores de la zona. En la presentaci\u00f3n del proyecto estuvo presente el Ministro de Transportes y Obras P\u00fablicas, Jos\u00e9 Luis Falero, el Intendente, Lic. Carmelo Vidal\u00edn, el diputado por Durazno, Dr. Felipe Algorta, el senador suplente Dr. Juan Straneo, la Secretaria de la Junta Local, Rosario Morena, vecinos y medios de comunicaci\u00f3n.<\/p>\n<p>El proyecto de la nueva ruta 19, en el tramo que conecta Cerro Chato con comercio Sainz, busca dar respuesta a los pobladores de esta zona debido al estado de la misma.<\/p>\n<p>El a\u00f1o pasado, en el mes de mayo, vecinos de la zona presentaron una carta al Ministro Falero para que tuviera en cuenta esta ruta debido a la intransitabilidad de la misma, lo que generaba preocupaci\u00f3n y peligros para quienes tienen que desplazarse por ella, ya sea para sacar productos o simplemente trasladarse hacia otros lugar. La ruta 19 tiene mucho tr\u00e1nsito debido a la producci\u00f3n que all\u00ed se realiza, madera, agropecuaria y granos, que debe ser sacada de la zona a trav\u00e9s de camiones de carga.<\/p>\n<p>Los vecinos tambi\u00e9n deben desplazarse para concurrir a centros asistenciales, trabajar o estudiar, por lo que la demanda de la ruta es mucha. La ruta 19 tiene un extremo en la ruta 14, pr\u00f3ximo a ciudad del Carmen y el otro en la localidad de Cerro Chato y hasta el momento solo se hab\u00edan hecho tareas de mantenimiento, que no ten\u00edan mucha duraci\u00f3n.<\/p>\n","protected":false},"excerpt":{"rendered":"<p>La edila nacionalista Anabel Fuentes celebr\u00f3 la concreci\u00f3n del proyecto del nuevo trazado de la ruta 19, una necesidad sentida por los vecinos y productores de la zona.<\/p>\n","protected":false},"author":4,"featured_media":3687,"comment_status":"closed","ping_status":"closed","sticky":false,"template":"","format":"standard","meta":{"footnotes":""},"categories":[5],"tags":[],"class_list":["post-3686","post","type-post","status-publish","format-standard","has-post-thumbnail","hentry","category-durazno"],"_links":{"self":[{"href":"https:\/\/paginacero.com.uy\/index.php?rest_route=\/wp\/v2\/posts\/3686","targetHints":{"allow":["GET"]}}],"collection":[{"href":"https:\/\/paginacero.com.uy\/index.php?rest_route=\/wp\/v2\/posts"}],"about":[{"href":"https:\/\/paginacero.com.uy\/index.php?rest_route=\/wp\/v2\/types\/post"}],"author":[{"embeddable":true,"href":"https:\/\/paginacero.com.uy\/index.php?rest_route=\/wp\/v2\/users\/4"}],"replies":[{"embeddable":true,"href":"https:\/\/paginacero.com.uy\/index.php?rest_route=%2Fwp%2Fv2%2Fcomments&post=3686"}],"version-history":[{"count":1,"href":"https:\/\/paginacero.com.uy\/index.php?rest_route=\/wp\/v2\/posts\/3686\/revisions"}],"predecessor-version":[{"id":3688,"href":"https:\/\/paginacero.com.uy\/index.php?rest_route=\/wp\/v2\/posts\/3686\/revisions\/3688"}],"wp:featuredmedia":[{"embeddable":true,"href":"https:\/\/paginacero.com.uy\/index.php?rest_route=\/wp\/v2\/media\/3687"}],"wp:attachment":[{"href":"https:\/\/paginacero.com.uy\/index.php?rest_route=%2Fwp%2Fv2%2Fmedia&parent=3686"}],"wp:term":[{"taxonomy":"category","embeddable":true,"href":"https:\/\/paginacero.com.uy\/index.php?rest_route=%2Fwp%2Fv2%2Fcategories&post=3686"},{"taxonomy":"post_tag","embeddable":true,"href":"https:\/\/paginacero.com.uy\/index.php?rest_route=%2Fwp%2Fv2%2Ftags&post=3686"}],"curies":[{"name":"wp","href":"https:\/\/api.w.org\/{rel}","templated":true}]}}