{"id":3683,"date":"2024-03-19T15:28:52","date_gmt":"2024-03-19T18:28:52","guid":{"rendered":"https:\/\/paginacero.com.uy\/?p=3683"},"modified":"2024-03-19T15:28:52","modified_gmt":"2024-03-19T18:28:52","slug":"proyecto-de-cancha-del-liceo-n-2-requiere-de-la-accion-de-varios-actores","status":"publish","type":"post","link":"https:\/\/paginacero.com.uy\/?p=3683","title":{"rendered":"\u201cProyecto de cancha del Liceo N\u00b0 2 requiere de la acci\u00f3n de varios actores\u201d"},"content":{"rendered":"<p><strong>Virginia Vi\u00f1oly del Partido Nacional present\u00f3 un proyecto para la concreci\u00f3n de un espacio multideportivo y recreativo en la cancha del Liceo N\u00b0 2, con el objetivo de brindar un espacio adecuado para los estudiantes de la instituci\u00f3n y tambi\u00e9n a vecinos de la amplia zona.<\/strong><!--more--><\/p>\n<p>La edila hizo la presentaci\u00f3n del proyecto en la Junta Departamental, dando a conocer los alcances del mismo y nombrando que los beneficiarios ser\u00edan vecinos de la zona, que no cuenta con espacios de recreaci\u00f3n, y estudiantes del Liceo.<\/p>\n<p>\u201cMe voy a referir a un proyecto que es la cancha del Liceo N\u00b0 2 \u201cMtro. V\u00edctor Quiroga\u201d, el cual abri\u00f3 sus puertas en marzo de 1992. La cancha para la cual se ha presentado el proyecto pertenece a ANEP, padr\u00f3n 12226, dicha cancha se encuentra como todos sabemos, entre la calle 25 de Agosto, Basilio Mu\u00f1oz y Latorre, consta de un buen espacio para recreaci\u00f3n. El proyecto pretende el cerramiento perimetral del predio, adem\u00e1s de eso la instalaci\u00f3n de cancha de f\u00fatbol, cancha de voleibol, aparatos para realizar ejercicios, espacios, juegos para ni\u00f1os, bancos, iluminaci\u00f3n, entre otros elementos\u201d dijo la edila.<\/p>\n<p>\u201cDicho predio se encuentra en una zona donde no existen espacios recreativos y es uno de los barrios con m\u00e1s edificios de apartamentos en sus alrededores. El Liceo N\u00b0 2 hace uso del espacio con profesores de gimnasia y no siempre est\u00e1 en las mejores condiciones de mantenimiento. La idea es involucrar a todos en dicho proyecto, a ANEP, vecinos, Intendencia de Durazno y hemos estado en contacto con la direcci\u00f3n de dicho liceo, viendo con benepl\u00e1cito este proyecto\u201d agreg\u00f3.<\/p>\n<p>\u201cPido que mis palabras pasen a ANEP, a la Comisi\u00f3n Descentralizada de ANEP que funciona en Durazno, a la Comisi\u00f3n de Educaci\u00f3n y Cultura de la Junta Departamental y a la Intendencia Departamental\u201d finaliz\u00f3.<\/p>\n","protected":false},"excerpt":{"rendered":"<p>Virginia Vi\u00f1oly del Partido Nacional present\u00f3 un proyecto para la concreci\u00f3n de un espacio multideportivo y recreativo en la cancha del Liceo N\u00b0 2, con el objetivo de brindar un espacio adecuado para los estudiantes de la instituci\u00f3n y tambi\u00e9n a vecinos de la amplia zona.<\/p>\n","protected":false},"author":4,"featured_media":3684,"comment_status":"closed","ping_status":"closed","sticky":false,"template":"","format":"standard","meta":{"footnotes":""},"categories":[5],"tags":[],"class_list":["post-3683","post","type-post","status-publish","format-standard","has-post-thumbnail","hentry","category-durazno"],"_links":{"self":[{"href":"https:\/\/paginacero.com.uy\/index.php?rest_route=\/wp\/v2\/posts\/3683","targetHints":{"allow":["GET"]}}],"collection":[{"href":"https:\/\/paginacero.com.uy\/index.php?rest_route=\/wp\/v2\/posts"}],"about":[{"href":"https:\/\/paginacero.com.uy\/index.php?rest_route=\/wp\/v2\/types\/post"}],"author":[{"embeddable":true,"href":"https:\/\/paginacero.com.uy\/index.php?rest_route=\/wp\/v2\/users\/4"}],"replies":[{"embeddable":true,"href":"https:\/\/paginacero.com.uy\/index.php?rest_route=%2Fwp%2Fv2%2Fcomments&post=3683"}],"version-history":[{"count":1,"href":"https:\/\/paginacero.com.uy\/index.php?rest_route=\/wp\/v2\/posts\/3683\/revisions"}],"predecessor-version":[{"id":3685,"href":"https:\/\/paginacero.com.uy\/index.php?rest_route=\/wp\/v2\/posts\/3683\/revisions\/3685"}],"wp:featuredmedia":[{"embeddable":true,"href":"https:\/\/paginacero.com.uy\/index.php?rest_route=\/wp\/v2\/media\/3684"}],"wp:attachment":[{"href":"https:\/\/paginacero.com.uy\/index.php?rest_route=%2Fwp%2Fv2%2Fmedia&parent=3683"}],"wp:term":[{"taxonomy":"category","embeddable":true,"href":"https:\/\/paginacero.com.uy\/index.php?rest_route=%2Fwp%2Fv2%2Fcategories&post=3683"},{"taxonomy":"post_tag","embeddable":true,"href":"https:\/\/paginacero.com.uy\/index.php?rest_route=%2Fwp%2Fv2%2Ftags&post=3683"}],"curies":[{"name":"wp","href":"https:\/\/api.w.org\/{rel}","templated":true}]}}