{"id":3680,"date":"2024-03-19T15:27:04","date_gmt":"2024-03-19T18:27:04","guid":{"rendered":"https:\/\/paginacero.com.uy\/?p=3680"},"modified":"2024-03-19T15:27:04","modified_gmt":"2024-03-19T18:27:04","slug":"estudiantes-de-durazno-en-ix-encuentro-de-jovenes-creadores","status":"publish","type":"post","link":"https:\/\/paginacero.com.uy\/?p=3680","title":{"rendered":"Estudiantes de Durazno en IX Encuentro de J\u00f3venes Creadores"},"content":{"rendered":"<p><strong>Del 14 al 17 de marzo se realiz\u00f3 la novena edici\u00f3n del Encuentro Nacional Bienal de J\u00f3venes Creadores en el Museo de Arte Contempor\u00e1neo Atchugarry (MACA), ubicado en Manantiales (Maldonado).<\/strong><!--more--><\/p>\n<p>Este encuentro, organizado por la Fundaci\u00f3n Pablo Atchugarry en conjunto con la Inspecci\u00f3n de Arte y Comunicaci\u00f3n Visual de la Direcci\u00f3n General de Educaci\u00f3n Secundaria (DGES), reuni\u00f3 a 26 estudiantes de 5.\u00ba y 6.\u00ba a\u00f1o de Bachillerato Art\u00edstico representantes de los distintos departamentos del pa\u00eds que fueron seleccionados por su desempe\u00f1o e inter\u00e9s en el \u00e1rea de la Comunicaci\u00f3n Visual, acompa\u00f1ados por sus docentes referentes.<\/p>\n<p>Los j\u00f3venes participaron de distintas instancias de formaci\u00f3n que contribuyeron a su desarrollo art\u00edstico, cultural y social guiados por el artista uruguayo Pablo Atchugarry junto a reconocidos artistas pl\u00e1sticos nacionales e internacionales. Entre ellos, destaca la participaci\u00f3n de Ver\u00f3nica V\u00e1zquez , Janinne Wolfsohn, Marcela Ambrois, Carolina Fontana y Octavio Podest\u00e1.<\/p>\n<p>Adem\u00e1s de estos espacios de charlas y est\u00edmulos, los estudiantes tuvieron la oportunidad de crear una propuesta art\u00edstica propia, con el apoyo y gu\u00eda de los artistas y docentes y, posteriormente, montar su muestra. Asimismo, participaron de actividades de convivencia, cine y recorridas por distintos espacios inspiradores como el Parque de Esculturas de las Am\u00e9ricas, Casa Pueblo y el Parque de Esculturas y muestras del propio MACA.<\/p>\n","protected":false},"excerpt":{"rendered":"<p>Del 14 al 17 de marzo se realiz\u00f3 la novena edici\u00f3n del Encuentro Nacional Bienal de J\u00f3venes Creadores en el Museo de Arte Contempor\u00e1neo Atchugarry (MACA), ubicado en Manantiales (Maldonado).<\/p>\n","protected":false},"author":4,"featured_media":3681,"comment_status":"closed","ping_status":"closed","sticky":false,"template":"","format":"standard","meta":{"footnotes":""},"categories":[5],"tags":[],"class_list":["post-3680","post","type-post","status-publish","format-standard","has-post-thumbnail","hentry","category-durazno"],"_links":{"self":[{"href":"https:\/\/paginacero.com.uy\/index.php?rest_route=\/wp\/v2\/posts\/3680","targetHints":{"allow":["GET"]}}],"collection":[{"href":"https:\/\/paginacero.com.uy\/index.php?rest_route=\/wp\/v2\/posts"}],"about":[{"href":"https:\/\/paginacero.com.uy\/index.php?rest_route=\/wp\/v2\/types\/post"}],"author":[{"embeddable":true,"href":"https:\/\/paginacero.com.uy\/index.php?rest_route=\/wp\/v2\/users\/4"}],"replies":[{"embeddable":true,"href":"https:\/\/paginacero.com.uy\/index.php?rest_route=%2Fwp%2Fv2%2Fcomments&post=3680"}],"version-history":[{"count":1,"href":"https:\/\/paginacero.com.uy\/index.php?rest_route=\/wp\/v2\/posts\/3680\/revisions"}],"predecessor-version":[{"id":3682,"href":"https:\/\/paginacero.com.uy\/index.php?rest_route=\/wp\/v2\/posts\/3680\/revisions\/3682"}],"wp:featuredmedia":[{"embeddable":true,"href":"https:\/\/paginacero.com.uy\/index.php?rest_route=\/wp\/v2\/media\/3681"}],"wp:attachment":[{"href":"https:\/\/paginacero.com.uy\/index.php?rest_route=%2Fwp%2Fv2%2Fmedia&parent=3680"}],"wp:term":[{"taxonomy":"category","embeddable":true,"href":"https:\/\/paginacero.com.uy\/index.php?rest_route=%2Fwp%2Fv2%2Fcategories&post=3680"},{"taxonomy":"post_tag","embeddable":true,"href":"https:\/\/paginacero.com.uy\/index.php?rest_route=%2Fwp%2Fv2%2Ftags&post=3680"}],"curies":[{"name":"wp","href":"https:\/\/api.w.org\/{rel}","templated":true}]}}