{"id":3676,"date":"2024-03-18T12:01:01","date_gmt":"2024-03-18T15:01:01","guid":{"rendered":"https:\/\/paginacero.com.uy\/?p=3676"},"modified":"2024-03-18T12:01:01","modified_gmt":"2024-03-18T15:01:01","slug":"es-necesario-que-mevir-tenga-en-cuenta-nuevos-planes-para-el-interior","status":"publish","type":"post","link":"https:\/\/paginacero.com.uy\/?p=3676","title":{"rendered":"\u201cEs necesario que Mevir tenga en cuenta nuevos planes para el interior\u201d"},"content":{"rendered":"<p><strong>El edil nacionalista Mart\u00edn Vidal\u00edn destac\u00f3 los avances realizados en el logro de la titulaci\u00f3n de los vecinos de varios grupos de Mevir en el interior, a la vez que solicit\u00f3 que se tenga en cuenta la posibilidad de crear dos grupos m\u00e1s en Carlos Reyles y ciudad del Carmen.<\/strong><!--more--><\/p>\n<p>\u201cYa hace un tiempo, un a\u00f1o y poco hab\u00edamos presentado en este recinto la problem\u00e1tica de los vecinos de Blanquillo de Mevir II y Mevir III y Mevir II de la ciudad del Carmen qui\u00e9nes estaban preocupados por los t\u00edtulos de su casa esta semana estuvimos hablando con el arquitecto Juan Pablo Delgado quien nos confirm\u00f3 que a partir de la semana pr\u00f3xima estos vecinos podr\u00e1n hacerse de sus t\u00edtulos, algo que es importante, que les va a generar tranquilidad saber que son propietarios de sus hogares, lo cual agradecemos al arquitecto, la r\u00e1pida respuesta que tuvo, sabemos que fue un trabajo complicado junto con la Intendencia para que esto saliera, as\u00ed que mis felicitaciones para estos vecinos que pr\u00f3ximamente van a tener sus tan ansiados t\u00edtulos, que no es poca cosa, ser propietario de una casa es importante m\u00e1s teniendo en cuenta el precio de los inmuebles. A su vez tenemos la solicitud de que tengan en cuenta un nuevo plan para la ciudad del Carmen , donde los vecinos hicieron llegar m\u00e1s de cien firmas solicit\u00e1ndolo, lo mismo para los vecinos de Carlos Reyles donde m\u00e1s de sesenta familias firmaron para poder tener un nuevo plan de Mevir, queremos que los tengan en cuenta para que estas personas tengan la posibilidad de solucionar sus problemas habitacionales\u201d dijo el edil<\/p>\n<p>\u201cCon esta soluci\u00f3n de t\u00edtulos estamos beneficiando a m\u00e1s de cien familias que van a ser propietarios, algo que nos pone muy contentos. Quisiera que estas palabras pasen al arquitecto Juan Pablo Delgado, presidente de Mevir, a la Junta de Blanquillo y a la alcald\u00eda del Carmen\u201d agreg\u00f3.<\/p>\n<p>Tambi\u00e9n hizo referencia a la necesidad de compensar a los habitantes del interior que viajan a Durazno ante la imposibilidad de descender en la tradicional parada de calle Morquio, lo que dificulta el acceso a un lugar esencial como es el Hospital Penza.<\/p>\n<p>\u201cEn estas recorridas que hacemos por el interior, un edil tambi\u00e9n mencion\u00f3 el tema, la problem\u00e1tica de los vecinos que vienen del interior que no pueden parar en calle Morquio y poder ir al Hospital, que les queda m\u00e1s cerca. Tuvimos una charla con los responsables de la empresa Nossar, quien nos dice que no est\u00e1n parando all\u00ed por una cuesti\u00f3n de seguridad, porque la ruta est\u00e1 muy complicada a lo cual le planteamos que todos los vecinos que vengan del interior, solamente los del interior, tengan el beneficio de por lo menos cuando lleguen a la Terminal tengan el autob\u00fas urbano gratis para ir al Hospital o hacer las vueltas que tengan\u201d indic\u00f3.<\/p>\n<p>\u201cCapaz que no es una soluci\u00f3n que los va a ayudar much\u00edsimo, pero por lo menos un boleto gratis los puede arrimar a esos lugares que les quedan lejos. La empresa se comprometi\u00f3 a estudiarlo y en breve nos dar\u00e1 una respuesta, ser\u00eda una peque\u00f1a soluci\u00f3n para estos vecinos que generalmente andan caminando en la ciudad y poder subir al \u00f3mnibus gratis es un beneficio importante. Quiero que estas palabras pasen a la Comisi\u00f3n de Tr\u00e1nsito para que lo estudie y al Departamento de Administraci\u00f3n\u201d agreg\u00f3.<\/p>\n<p>Hizo referencia tambi\u00e9n a la finalizaci\u00f3n de actividades del secretario Pedro Bosch.<\/p>\n<p>\u201cQuiero hacer llegar mi saludo al secretario reci\u00e9n saliente Pedro Bosch, que estuvo m\u00e1s de ocho a\u00f1os al frente de la Junta y por motivos plenamente familiares, para acompa\u00f1ar a su se\u00f1ora y a sus hijas, dej\u00f3 la secretar\u00eda. Felicitarlo por la labor que hizo todos estos a\u00f1os por su pueblo\u201d finaliz\u00f3.<\/p>\n","protected":false},"excerpt":{"rendered":"<p>El edil nacionalista Mart\u00edn Vidal\u00edn destac\u00f3 los avances realizados en el logro de la titulaci\u00f3n de los vecinos de varios grupos de Mevir en el interior, a la vez que solicit\u00f3 que se tenga en cuenta la posibilidad de crear dos grupos m\u00e1s en Carlos Reyles y ciudad del Carmen.<\/p>\n","protected":false},"author":4,"featured_media":3677,"comment_status":"closed","ping_status":"closed","sticky":false,"template":"","format":"standard","meta":{"footnotes":""},"categories":[5],"tags":[],"class_list":["post-3676","post","type-post","status-publish","format-standard","has-post-thumbnail","hentry","category-durazno"],"_links":{"self":[{"href":"https:\/\/paginacero.com.uy\/index.php?rest_route=\/wp\/v2\/posts\/3676","targetHints":{"allow":["GET"]}}],"collection":[{"href":"https:\/\/paginacero.com.uy\/index.php?rest_route=\/wp\/v2\/posts"}],"about":[{"href":"https:\/\/paginacero.com.uy\/index.php?rest_route=\/wp\/v2\/types\/post"}],"author":[{"embeddable":true,"href":"https:\/\/paginacero.com.uy\/index.php?rest_route=\/wp\/v2\/users\/4"}],"replies":[{"embeddable":true,"href":"https:\/\/paginacero.com.uy\/index.php?rest_route=%2Fwp%2Fv2%2Fcomments&post=3676"}],"version-history":[{"count":1,"href":"https:\/\/paginacero.com.uy\/index.php?rest_route=\/wp\/v2\/posts\/3676\/revisions"}],"predecessor-version":[{"id":3678,"href":"https:\/\/paginacero.com.uy\/index.php?rest_route=\/wp\/v2\/posts\/3676\/revisions\/3678"}],"wp:featuredmedia":[{"embeddable":true,"href":"https:\/\/paginacero.com.uy\/index.php?rest_route=\/wp\/v2\/media\/3677"}],"wp:attachment":[{"href":"https:\/\/paginacero.com.uy\/index.php?rest_route=%2Fwp%2Fv2%2Fmedia&parent=3676"}],"wp:term":[{"taxonomy":"category","embeddable":true,"href":"https:\/\/paginacero.com.uy\/index.php?rest_route=%2Fwp%2Fv2%2Fcategories&post=3676"},{"taxonomy":"post_tag","embeddable":true,"href":"https:\/\/paginacero.com.uy\/index.php?rest_route=%2Fwp%2Fv2%2Ftags&post=3676"}],"curies":[{"name":"wp","href":"https:\/\/api.w.org\/{rel}","templated":true}]}}