{"id":3670,"date":"2024-03-18T11:50:03","date_gmt":"2024-03-18T14:50:03","guid":{"rendered":"https:\/\/paginacero.com.uy\/?p=3670"},"modified":"2024-03-18T11:50:03","modified_gmt":"2024-03-18T14:50:03","slug":"se-realiza-la-primera-creaton-de-recursos-educativos-abiertos-del-ano","status":"publish","type":"post","link":"https:\/\/paginacero.com.uy\/?p=3670","title":{"rendered":"Se realiza la primera Creat\u00f3n de Recursos Educativos Abiertos del a\u00f1o"},"content":{"rendered":"<p><strong>En el contexto del proyecto \u201cFormaci\u00f3n en cambio clim\u00e1tico, ambiente y desarrollo sostenible\u201d, llevado a cabo por UNICEF y Ceibal, se invita a docentes y estudiantes avanzados de formaci\u00f3n docente a la creaci\u00f3n conjunta de objetos de aprendizaje, con el objetivo de concientizar sobre este tema crucial.<\/strong><!--more--><\/p>\n<p>Esta marat\u00f3n de construcciones de edici\u00f3n colectiva y simult\u00e1nea propone a docentes con distintos niveles de experiencia reunirse para cocrear recursos educativos abiertos (REA), espec\u00edficamente objetos de aprendizaje (OA). Se trata de un evento gratuito, abierto y presencial que busca fomentar la sensibilizaci\u00f3n y la comprensi\u00f3n sobre la problem\u00e1tica del cambio clim\u00e1tico.<\/p>\n<p>Previo a esta instancia, Ceibal ofrece un trayecto de formaci\u00f3n de cuatro talleres virtuales sincr\u00f3nicos optativos, que servir\u00e1n de preparaci\u00f3n para esta instancia.<\/p>\n<p>Quienes consideren que ya manejan los temas y el software eXeLearning podr\u00e1n asistir directamente a la Creat\u00f3n, que tendr\u00e1 lugar una vez finalizado el trayecto formativo, sin necesidad de participar en los talleres.<\/p>\n<p>Los talleres se dictar\u00e1n del 9 al 12 de abril de 15:00 a 17:00 h: Taller 1: Cambio clim\u00e1tico: recorte tem\u00e1tico y bibliograf\u00eda, Taller 2: RED, REA, licencias, Taller 3: Dise\u00f1o instruccional de un objeto de aprendizaje, Taller 4: Software eXeLearning.<\/p>\n<p>El encuentro presencial ser\u00e1 el s\u00e1bado 13 de abril de 9:00 a 16:00 h en Ceibal (sala 2), ubicado en Av. Italia 6201.<\/p>\n<p>Hay tiempo para inscribirse hasta el 3 de abril.<\/p>\n<p>La crisis clim\u00e1tica es una crisis de los derechos de ni\u00f1os, ni\u00f1as y adolescentes, que profundiza las desigualdades actuales y continuar\u00e1 causando da\u00f1o a las futuras generaciones. Por eso, es fundamental escuchar qu\u00e9 tienen para decir y tomar sus opiniones en cuenta.<\/p>\n<p>Es as\u00ed que UNICEF y la Direcci\u00f3n de Cambio Clim\u00e1tico del Ministerio de Ambiente dise\u00f1aron una serie de talleres en los que participan 40 j\u00f3venes de todo el pa\u00eds, de entre 14 y 22 a\u00f1os, que representan a distintas instituciones y movimientos sociales. Estos talleres, que se desarrollan entre junio y setiembre de 2022, buscan que los j\u00f3venes aprendan m\u00e1s acerca de medio ambiente y cambio clim\u00e1tico, especialmente en Uruguay, para que, al final del proceso, puedan aportar su visi\u00f3n a la segunda Contribuci\u00f3n Determinada a Nivel Nacional (NDC), un documento con medidas al que Uruguay se comprometi\u00f3, por ser uno de los pa\u00edses que firm\u00f3 el Acuerdo de Par\u00eds.<\/p>\n<p>En los diferentes talleres, participan expertos en tem\u00e1ticas relacionadas con cambio clim\u00e1tico, para compartir informaci\u00f3n con los j\u00f3venes sobre las medidas nacionales de mitigaci\u00f3n y adaptaci\u00f3n.<\/p>\n<p>Myrna Campoleoni Coordinadora Regional del Proyecto Uruguay-Argentina para la adaptaci\u00f3n al cambio clim\u00e1tico en ciudades y ecosistemas costeros vulnerables del R\u00edo Uruguay, presenta: Ciudades: \u00abAdaptaci\u00f3n al cambio clim\u00e1tico en ciudades en Uruguay\u00bb.<\/p>\n<p>Marcelo Barreiro, Profesor titular del Departamento de Ciencias de la Atm\u00f3sfera y F\u00edsica de los Oc\u00e9anos de la Facultad de Ciencias de la Udelar, presenta: Clima: \u00abAdaptaci\u00f3n al cambio clim\u00e1tico en ciudades en Uruguay\u00bb.<\/p>\n<p>M\u00f3nica G\u00f3mez, Coordinadora del Plan Nacional de Adaptaci\u00f3n en Costas, presenta: \u00abAdaptaci\u00f3n al cambio clim\u00e1tico en zonas costeras\u00bb<\/p>\n<p>Gabriela Pignataro, Consultora de cambio clim\u00e1tico para UNICEF Uruguay, presenta: \u00abDerechos humanos y cambio clim\u00e1tico\u00bb.<\/p>\n<p>Laura Marrero, Referente de G\u00e9nero de la Direcci\u00f3n Nacional de Cambio Clim\u00e1tico, presenta: \u00abDerechos humanos y cambio clim\u00e1tico\u00bb.<\/p>\n<p>Celeste Chiaramonte, Coordinadora de META PLANETA, presenta: \u00abDerechos humanos y cambio clim\u00e1tico\u00bb.<\/p>\n<p>Cecilia Jones, Coordinadora del Plan Nacional de Adaptaci\u00f3n en Agro, presenta: \u00abAdaptaci\u00f3n al cambio clim\u00e1tico para el Sector Agropecuario\u00bb.<\/p>\n","protected":false},"excerpt":{"rendered":"<p>En el contexto del proyecto \u201cFormaci\u00f3n en cambio clim\u00e1tico, ambiente y desarrollo sostenible\u201d, llevado a cabo por UNICEF y Ceibal, se invita a docentes y estudiantes avanzados de formaci\u00f3n docente a la creaci\u00f3n conjunta de objetos de aprendizaje, con el objetivo de concientizar sobre este tema crucial.<\/p>\n","protected":false},"author":4,"featured_media":3671,"comment_status":"closed","ping_status":"closed","sticky":false,"template":"","format":"standard","meta":{"footnotes":""},"categories":[5],"tags":[],"class_list":["post-3670","post","type-post","status-publish","format-standard","has-post-thumbnail","hentry","category-durazno"],"_links":{"self":[{"href":"https:\/\/paginacero.com.uy\/index.php?rest_route=\/wp\/v2\/posts\/3670","targetHints":{"allow":["GET"]}}],"collection":[{"href":"https:\/\/paginacero.com.uy\/index.php?rest_route=\/wp\/v2\/posts"}],"about":[{"href":"https:\/\/paginacero.com.uy\/index.php?rest_route=\/wp\/v2\/types\/post"}],"author":[{"embeddable":true,"href":"https:\/\/paginacero.com.uy\/index.php?rest_route=\/wp\/v2\/users\/4"}],"replies":[{"embeddable":true,"href":"https:\/\/paginacero.com.uy\/index.php?rest_route=%2Fwp%2Fv2%2Fcomments&post=3670"}],"version-history":[{"count":1,"href":"https:\/\/paginacero.com.uy\/index.php?rest_route=\/wp\/v2\/posts\/3670\/revisions"}],"predecessor-version":[{"id":3672,"href":"https:\/\/paginacero.com.uy\/index.php?rest_route=\/wp\/v2\/posts\/3670\/revisions\/3672"}],"wp:featuredmedia":[{"embeddable":true,"href":"https:\/\/paginacero.com.uy\/index.php?rest_route=\/wp\/v2\/media\/3671"}],"wp:attachment":[{"href":"https:\/\/paginacero.com.uy\/index.php?rest_route=%2Fwp%2Fv2%2Fmedia&parent=3670"}],"wp:term":[{"taxonomy":"category","embeddable":true,"href":"https:\/\/paginacero.com.uy\/index.php?rest_route=%2Fwp%2Fv2%2Fcategories&post=3670"},{"taxonomy":"post_tag","embeddable":true,"href":"https:\/\/paginacero.com.uy\/index.php?rest_route=%2Fwp%2Fv2%2Ftags&post=3670"}],"curies":[{"name":"wp","href":"https:\/\/api.w.org\/{rel}","templated":true}]}}