{"id":3667,"date":"2024-03-15T11:36:09","date_gmt":"2024-03-15T14:36:09","guid":{"rendered":"https:\/\/paginacero.com.uy\/?p=3667"},"modified":"2024-03-15T11:36:09","modified_gmt":"2024-03-15T14:36:09","slug":"los-arreglos-en-calles-y-rutas-del-interior-deben-ser-realizados-con-empatia","status":"publish","type":"post","link":"https:\/\/paginacero.com.uy\/?p=3667","title":{"rendered":"\u201cLos arreglos en calles y rutas del interior deben ser realizados con empat\u00eda\u201d"},"content":{"rendered":"<p><strong>El edil frenteamplista Pedro Hern\u00e1ndez destac\u00f3 la importancia que tienen los caminos y rutas en el \u00e1rea rural y ciudades del interior, adem\u00e1s de dar a conocer que durante una recorrida realizada el fin de semana se encontr\u00f3 con las mismas en muy mal estado.<\/strong><!--more--><\/p>\n<p>En parte de su presentaci\u00f3n se refiri\u00f3 al cierre de una sede recientemente abierta, integrada por vecinos para realizar actividades deportivas.<\/p>\n<p>\u201cEn primer lugar vamos a hablar de un grupo de vecinos que se reunieron para formar un club deportivo para realizar actividades deportivas, abrieron una sede y por no tener algunos permisos y fue clausurada. En eso estamos de acuerdo, en que si no tiene los permisos correspondientes no se les permita, pero si nos llama la atenci\u00f3n porque si est\u00e1n hechas las solicitudes pero no se les da andamiaje a las mismas, nos llama la atenci\u00f3n que sin embargo hay emprendimientos privados que han sido denunciados una y otra vez y no se han tomado las medidas iguales. Queremos que nuestras palabras pasen al Intendente para que de una vez por todas, todos seamos iguales frente a las autoridades, no unos si y otros no\u201d dijo.<\/p>\n<p>Luego mencion\u00f3 la recorrida realizada por el interior, donde pudo ver la situaci\u00f3n de calles y rutas, donde los arreglos realizados no son de la calidad requerida.<\/p>\n<p>\u201cEn otro orden, el domingo anduvimos en una recorrida a instancias de algunos vecinos de ciudad del Carmen, recorrimos las distintas calles, como Paso Moreira, Picada Las Piedras y realmente vimos unos trabajos realizados, no acordes a la necesidades de la zona, no es un trabajo serio. Pretendemos que cuando se haga un trabajo se le ponga un poco de empat\u00eda par que los dineros de la gente sean aprovechados, muchos piensan que uno lo tiene con la Direcci\u00f3n de Obras, esto no es as\u00ed pero como ciudadano pretendemos ofrecerle a la ciudadan\u00eda un mejor pasar, que puedan transitar por las calles de su ciudad. En uno de los casos que mostramos, en vez de hacer desag\u00fces para los campos de los vecinos lo hacen al rev\u00e9s, para la calle, para adentro, eso llama la atenci\u00f3n, no hay zanjado en los campos, tal vez no se ha hablado con los vecinos para que circule el agua, pueden ver tambi\u00e9n que una se\u00f1ora edil hac\u00eda menci\u00f3n hace unos d\u00edas de las malezas, queremos que la Jefa del Ministerio de Ganader\u00eda salga a recorrer y vea lo que son las plagas nacionales como est\u00e1n en las calles y rutas de nuestro departamento\u201d agreg\u00f3.<\/p>\n<p>\u201cTambi\u00e9n se ve falta de ca\u00f1os en algunos lugares, la ruta 42 tiene una alcantarilla con barandas, que alg\u00fan vecino le puso para que no se caiga. Hemos visto que en la ampliaci\u00f3n presupuestal hay algunos dineros para la ruta 42, que va desde Carmen a Polanco del Y\u00ed, pretendemos que se le haga un trabajo serio, no como lo que se ha hecho en la ruta 42 hasta La Paloma que se le ha hecho unos parches y est\u00e1 totalmente intransitable. Hay una situaci\u00f3n concreta en la que unos ca\u00f1os resuelven la situaci\u00f3n, para evitar que el agua la corte, son roturas que no son recientes, son de mucho tiempo, realmente las alcantarillas est\u00e1n en muy mal estado\u201d indic\u00f3.<\/p>\n<p>\u201cQueremos que las soluciones sean acordes a lo que se necesita, esta salida de la ruta 42 es importante para los vecinos del interior. En la calle Pedro Gonz\u00e1lez, donde se est\u00e1 trabajando, queremos que se haga una se\u00f1alizaci\u00f3n acorde porque los badenes son muy profundos y a pesar de que sabemos que se debe andar a una velocidad adecuada, tienen cierta peligrosidad para el tr\u00e1nsito\u201d finaliz\u00f3.<\/p>\n<p>&nbsp;<\/p>\n","protected":false},"excerpt":{"rendered":"<p>El edil frenteamplista Pedro Hern\u00e1ndez destac\u00f3 la importancia que tienen los caminos y rutas en el \u00e1rea rural y ciudades del interior, adem\u00e1s de dar a conocer que durante una recorrida realizada el fin de semana se encontr\u00f3 con las mismas en muy mal estado.<\/p>\n","protected":false},"author":4,"featured_media":3668,"comment_status":"closed","ping_status":"closed","sticky":false,"template":"","format":"standard","meta":{"footnotes":""},"categories":[5],"tags":[],"class_list":["post-3667","post","type-post","status-publish","format-standard","has-post-thumbnail","hentry","category-durazno"],"_links":{"self":[{"href":"https:\/\/paginacero.com.uy\/index.php?rest_route=\/wp\/v2\/posts\/3667","targetHints":{"allow":["GET"]}}],"collection":[{"href":"https:\/\/paginacero.com.uy\/index.php?rest_route=\/wp\/v2\/posts"}],"about":[{"href":"https:\/\/paginacero.com.uy\/index.php?rest_route=\/wp\/v2\/types\/post"}],"author":[{"embeddable":true,"href":"https:\/\/paginacero.com.uy\/index.php?rest_route=\/wp\/v2\/users\/4"}],"replies":[{"embeddable":true,"href":"https:\/\/paginacero.com.uy\/index.php?rest_route=%2Fwp%2Fv2%2Fcomments&post=3667"}],"version-history":[{"count":1,"href":"https:\/\/paginacero.com.uy\/index.php?rest_route=\/wp\/v2\/posts\/3667\/revisions"}],"predecessor-version":[{"id":3669,"href":"https:\/\/paginacero.com.uy\/index.php?rest_route=\/wp\/v2\/posts\/3667\/revisions\/3669"}],"wp:featuredmedia":[{"embeddable":true,"href":"https:\/\/paginacero.com.uy\/index.php?rest_route=\/wp\/v2\/media\/3668"}],"wp:attachment":[{"href":"https:\/\/paginacero.com.uy\/index.php?rest_route=%2Fwp%2Fv2%2Fmedia&parent=3667"}],"wp:term":[{"taxonomy":"category","embeddable":true,"href":"https:\/\/paginacero.com.uy\/index.php?rest_route=%2Fwp%2Fv2%2Fcategories&post=3667"},{"taxonomy":"post_tag","embeddable":true,"href":"https:\/\/paginacero.com.uy\/index.php?rest_route=%2Fwp%2Fv2%2Ftags&post=3667"}],"curies":[{"name":"wp","href":"https:\/\/api.w.org\/{rel}","templated":true}]}}