{"id":3664,"date":"2024-03-15T11:33:55","date_gmt":"2024-03-15T14:33:55","guid":{"rendered":"https:\/\/paginacero.com.uy\/?p=3664"},"modified":"2024-03-15T11:33:55","modified_gmt":"2024-03-15T14:33:55","slug":"festejan-los-15-anos-de-usinas-culturales-del-mec","status":"publish","type":"post","link":"https:\/\/paginacero.com.uy\/?p=3664","title":{"rendered":"Festejan los 15 a\u00f1os de Usinas Culturales del MEC"},"content":{"rendered":"<p><strong>\u201cDesde el martes 19 hasta el viernes 22 de marzo a las 20:30 horas tendremos m\u00fasicos amigos de Usinas de varios puntos del pa\u00eds, en la Sala Hugo Balzo del Auditorio Nacional de Sodre (Calles Andes y Mercedes \u2013 Montevideo)\u201d cont\u00f3 Jorge Est\u00e9vez, coordinador de la Usina Cultural de Durazno, anticipando el festejo que se realiza a nivel nacional.<\/strong><!--more--><\/p>\n<p>\u201cCon gran orgullo te contamos que en representaci\u00f3n de Usina Cultural Durazno se presenta el d\u00eda mi\u00e9rcoles 20, \u201cEl Curao\u201d Diego Cedr\u00e9s y su banda, de la localidad duraznense del Carmen. Los invitamos a que consigan su invitaci\u00f3n gratuita en Tickantel y nos acompa\u00f1es a festejar con esta grilla de artistas de diversos g\u00e9neros para todos los gustos\u201d agreg\u00f3.<\/p>\n<p>El \u00c1rea Gesti\u00f3n Territorial los invita a la conmemoraci\u00f3n del d\u00e9cimo quinto aniversario del programa Usinas Culturales. Este evento se llevar\u00e1 a cabo durante cuatro d\u00edas consecutivos, desde el martes 19 hasta el viernes 22 de marzo, a las 20.30 h, en el Auditorio Nacional Adela Reta del SODRE &#8211; Sala Hugo Balzo, ubicado en la esquina de Andes y Mercedes, Montevideo.<\/p>\n<p>En la inauguraci\u00f3n de la celebraci\u00f3n, se contar\u00e1 con la presencia del ministro de Educaci\u00f3n y Cultura, Pablo da Silveira; la directora nacional de Cultura, Mariana Wainstein; el coordinador del \u00c1rea Gesti\u00f3n Territorial, Juan Carlos Barreto; y el coordinador de Usinas Culturales, Jos\u00e9 Gabriel Grau. Posteriormente, en el evento participar\u00e1n diversos grupos musicales, que han realizado grabaciones en los estudios de las Usinas Culturales, siendo 9 en Montevideo y 9 en otras regiones del pa\u00eds.<\/p>\n<p>La primera Usina Cultural fue inaugurada el 19 de marzo de 2009 en la ciudad de Salto, marcando el inicio de un proyecto que ha fomentado y apoyado la creaci\u00f3n art\u00edstica en todo el pa\u00eds.<\/p>\n<p>La Usina Cultural de Durazno se inaugur\u00f3 el 31 de enero de 2012, dentro de las instalaciones del ex Liceo Militar de la Brigada A\u00e9rea II en Santa Bernardina. Surgi\u00f3 del trabajo conjunto con la Direcci\u00f3n General de Servicios Sociales del Ministerio de Defensa Nacional. Se encuentra al servicio de los funcionarios de esa unidad militar y de los ciudadanos del departamento de Durazno.<\/p>\n<p>\u201cLas Usinas Culturales son centros regionales que cuentan con salas de grabaci\u00f3n musical y equipamiento para la producci\u00f3n audiovisual, su objetivo central es promover el potencial creativo de la ciudadan\u00eda a partir del uso de las nuevas tecnolog\u00edas. Usinas Culturales es un programa del \u00e1rea Gesti\u00f3n Territorial de la Direcci\u00f3n Nacional de Cultura de acceso libre, democr\u00e1tico y sin costo. Para acceder a utilizar cualquiera de las usinas culturales en todo el territorio nacional se debe ingresar a la plataforma culturaenlinea.uy y crear un agente (usuario). Una vez realizado esto paso se debe completar el siguiente formulario para solicitar el uso de las instalaciones\u201d contaron.<\/p>\n<p>Para hacer uso de las Usinas se debe tener en cuenta que las producciones tanto musicales como audiovisuales generadas en las Usinas Culturales son propiedad del autor, pudiendo igualmente ser difundidas por las v\u00edas que la Direcci\u00f3n Nacional de Cultura entienda pertinentes. Se grabar\u00e1n hasta un m\u00e1ximo de 4 (cuatro) canciones por proyecto, y hay que saber que no grabara ni producir\u00e1 contenidos de \u00edndole religioso, pol\u00edtico, comercial o que se considere ofensivo.<\/p>\n<p>Las usinas son responsables por el respaldo de los materiales por un per\u00edodo de hasta un m\u00e1ximo de tres meses. Pasado ese plazo se descartar\u00e1n los archivos con el material producido, sin generar derechos a reclamo.<\/p>\n<p>Al momento de agendar la producci\u00f3n en la Usina se solicita que el proyecto est\u00e9 lo m\u00e1s cercano posible a su versi\u00f3n final as\u00ed como es imprescindible detallar correctamente los servicios que se necesitan para llevarlo adelante.<\/p>\n","protected":false},"excerpt":{"rendered":"<p>\u201cDesde el martes 19 hasta el viernes 22 de marzo a las 20:30 horas tendremos m\u00fasicos amigos de Usinas de varios puntos del pa\u00eds, en la Sala Hugo Balzo del Auditorio Nacional de Sodre (Calles Andes y Mercedes \u2013 Montevideo)\u201d cont\u00f3 Jorge Est\u00e9vez, coordinador de la Usina Cultural de Durazno, anticipando el festejo que se [&hellip;]<\/p>\n","protected":false},"author":4,"featured_media":3665,"comment_status":"closed","ping_status":"closed","sticky":false,"template":"","format":"standard","meta":{"footnotes":""},"categories":[5],"tags":[],"class_list":["post-3664","post","type-post","status-publish","format-standard","has-post-thumbnail","hentry","category-durazno"],"_links":{"self":[{"href":"https:\/\/paginacero.com.uy\/index.php?rest_route=\/wp\/v2\/posts\/3664","targetHints":{"allow":["GET"]}}],"collection":[{"href":"https:\/\/paginacero.com.uy\/index.php?rest_route=\/wp\/v2\/posts"}],"about":[{"href":"https:\/\/paginacero.com.uy\/index.php?rest_route=\/wp\/v2\/types\/post"}],"author":[{"embeddable":true,"href":"https:\/\/paginacero.com.uy\/index.php?rest_route=\/wp\/v2\/users\/4"}],"replies":[{"embeddable":true,"href":"https:\/\/paginacero.com.uy\/index.php?rest_route=%2Fwp%2Fv2%2Fcomments&post=3664"}],"version-history":[{"count":1,"href":"https:\/\/paginacero.com.uy\/index.php?rest_route=\/wp\/v2\/posts\/3664\/revisions"}],"predecessor-version":[{"id":3666,"href":"https:\/\/paginacero.com.uy\/index.php?rest_route=\/wp\/v2\/posts\/3664\/revisions\/3666"}],"wp:featuredmedia":[{"embeddable":true,"href":"https:\/\/paginacero.com.uy\/index.php?rest_route=\/wp\/v2\/media\/3665"}],"wp:attachment":[{"href":"https:\/\/paginacero.com.uy\/index.php?rest_route=%2Fwp%2Fv2%2Fmedia&parent=3664"}],"wp:term":[{"taxonomy":"category","embeddable":true,"href":"https:\/\/paginacero.com.uy\/index.php?rest_route=%2Fwp%2Fv2%2Fcategories&post=3664"},{"taxonomy":"post_tag","embeddable":true,"href":"https:\/\/paginacero.com.uy\/index.php?rest_route=%2Fwp%2Fv2%2Ftags&post=3664"}],"curies":[{"name":"wp","href":"https:\/\/api.w.org\/{rel}","templated":true}]}}