{"id":3661,"date":"2024-03-15T11:32:38","date_gmt":"2024-03-15T14:32:38","guid":{"rendered":"https:\/\/paginacero.com.uy\/?p=3661"},"modified":"2024-03-15T11:32:38","modified_gmt":"2024-03-15T14:32:38","slug":"utu-de-sarandi-del-yi-debe-ser-la-obra-del-proximo-quinquenio","status":"publish","type":"post","link":"https:\/\/paginacero.com.uy\/?p=3661","title":{"rendered":"\u201cUTU de Sarand\u00ed del Y\u00ed debe ser la obra del pr\u00f3ximo quinquenio\u201d"},"content":{"rendered":"<p><strong>Andr\u00e9s Pereyra del Partido Nacional destac\u00f3 el rol de UTU en el departamento, generando en los \u00faltimos tiempos buenas noticias con la inauguraci\u00f3n de la nueva Escuela Agraria y la concreci\u00f3n de proyectos de orden social.<\/strong><!--more--><\/p>\n<p>\u201cQueremos agradecer a quienes dirigen la UTU, la Escuela T\u00e9cnica del Uruguay. La UTU viene d\u00e1ndonos demasiadas buenas noticias para aquellos que ven todo gris, para nosotros nos viene dando muy buenas noticias, desde sus alumnos, sus docentes, los propios directores. All\u00e1 por el 29 de junio de 2023 se firma un convenio en Carlos Reyles entre la UTU y una Fundaci\u00f3n, con el anhelo de crear una UTU en Carlos Reyles, lo que se ha convertido en realidad, se inaugur\u00f3\u201d dijo.<\/p>\n<p>\u201cEn octubre del a\u00f1o pasado nos enteramos que los estudiantes y alumnos de la Escuela T\u00e9cnica Sarand\u00ed del Y\u00ed creaban un bast\u00f3n inteligente. Esta Fundaci\u00f3n que en conjunto con la UTU firman el convenio en junio de 2023 es la Asociaci\u00f3n Disciplinas Aplicadas al Trabajo, quien habl\u00f3 en representaci\u00f3n de esta fundaci\u00f3n fue Pedro Bordaberry, pero no quiero dejar inadvertido, como que algo que no tiene relevancia, porque pas\u00f3 por esta Junta, la llegada de UPM a Durazno\u201d agreg\u00f3.<\/p>\n<p>Destac\u00f3 la inversi\u00f3n realizada por UPM para la concreci\u00f3n de esta Escuela, adem\u00e1s de aportes de otras instituciones.<\/p>\n<p>\u201cDentro de toda la gente que trabaj\u00f3, aport\u00f3, busc\u00f3 soluciones para que este anhelo de muchos de formar a sus hijos en donde viven se diera, hubieron personas que apoyaron la inversi\u00f3n de UPM en la ciudad de Durazno, UPM don\u00f3 20 m\u00f3dulos, los equip\u00f3 y mejor\u00f3 para que sea el lugar de alojamiento de los estudiantes, estos 21 estudiantes que estar\u00e1n internos en la Escuela Agraria\u201d dijo.<\/p>\n<p>\u201cAll\u00e1 aquellos que hablaron mal de UPM, denigraron a todo aquel que apoyan y que hoy UPM demuestra que da trabajo que aport\u00f3 al ambiente, que colabora con las comunidades y da las oportunidades para que los j\u00f3venes que se van puedan seguir estudiando en nuestro departamento, en Carlos Reyles, as\u00ed que nosotros tambi\u00e9n fuimos parte de eso, tambi\u00e9n felicitar a la Intendencia que siempre colabora en silencio, para algunos ser\u00e1 poco, pero es bueno decirlo, por poquito que haga, es parte de la iniciativa\u201d manifest\u00f3.<\/p>\n<p>Tambi\u00e9n hizo saber la necesidad de que la Escuela T\u00e9cnica de Sarand\u00ed del Y\u00ed sea totalmente remodelada o constru\u00edda a nuevo, en el pr\u00f3ximo quinquenio.<\/p>\n<p>\u201cEste presidente de UTU en su momento lo hemos molestado en reiteradas oportunidades por la situaci\u00f3n de la UTU de Sarand\u00ed del Y\u00ed, se inund\u00f3, el la visit\u00f3 antes que se inundara, durante el tiempo que se inund\u00f3 y en diciembre, se hab\u00eda comprometido con todos para dar una soluci\u00f3n pronto. Bueno, esa soluci\u00f3n lleg\u00f3 en febrero, culminando la obra. Estamos conformes con ese arreglo de Sarand\u00ed del Y\u00ed, no, creemos que los estudiantes, los docentes, los padres, merecen el mejor lugar para que ellos estudien por eso anhelamos que en el pr\u00f3ximo quinquenio se considere construir una UTU nueva en Sarand\u00ed del Y\u00ed o mejorarla de manera importante. deber\u00eda ser la obra del pr\u00f3ximo quinquenio en esa zona del departamento, esperemos que sea as\u00ed independientemente de quienes ganen el gobierno\u201d finaliz\u00f3.<\/p>\n","protected":false},"excerpt":{"rendered":"<p>Andr\u00e9s Pereyra del Partido Nacional destac\u00f3 el rol de UTU en el departamento, generando en los \u00faltimos tiempos buenas noticias con la inauguraci\u00f3n de la nueva Escuela Agraria y la concreci\u00f3n de proyectos de orden social.<\/p>\n","protected":false},"author":4,"featured_media":3662,"comment_status":"closed","ping_status":"closed","sticky":false,"template":"","format":"standard","meta":{"footnotes":""},"categories":[5],"tags":[],"class_list":["post-3661","post","type-post","status-publish","format-standard","has-post-thumbnail","hentry","category-durazno"],"_links":{"self":[{"href":"https:\/\/paginacero.com.uy\/index.php?rest_route=\/wp\/v2\/posts\/3661","targetHints":{"allow":["GET"]}}],"collection":[{"href":"https:\/\/paginacero.com.uy\/index.php?rest_route=\/wp\/v2\/posts"}],"about":[{"href":"https:\/\/paginacero.com.uy\/index.php?rest_route=\/wp\/v2\/types\/post"}],"author":[{"embeddable":true,"href":"https:\/\/paginacero.com.uy\/index.php?rest_route=\/wp\/v2\/users\/4"}],"replies":[{"embeddable":true,"href":"https:\/\/paginacero.com.uy\/index.php?rest_route=%2Fwp%2Fv2%2Fcomments&post=3661"}],"version-history":[{"count":1,"href":"https:\/\/paginacero.com.uy\/index.php?rest_route=\/wp\/v2\/posts\/3661\/revisions"}],"predecessor-version":[{"id":3663,"href":"https:\/\/paginacero.com.uy\/index.php?rest_route=\/wp\/v2\/posts\/3661\/revisions\/3663"}],"wp:featuredmedia":[{"embeddable":true,"href":"https:\/\/paginacero.com.uy\/index.php?rest_route=\/wp\/v2\/media\/3662"}],"wp:attachment":[{"href":"https:\/\/paginacero.com.uy\/index.php?rest_route=%2Fwp%2Fv2%2Fmedia&parent=3661"}],"wp:term":[{"taxonomy":"category","embeddable":true,"href":"https:\/\/paginacero.com.uy\/index.php?rest_route=%2Fwp%2Fv2%2Fcategories&post=3661"},{"taxonomy":"post_tag","embeddable":true,"href":"https:\/\/paginacero.com.uy\/index.php?rest_route=%2Fwp%2Fv2%2Ftags&post=3661"}],"curies":[{"name":"wp","href":"https:\/\/api.w.org\/{rel}","templated":true}]}}