{"id":3648,"date":"2024-03-15T11:10:48","date_gmt":"2024-03-15T14:10:48","guid":{"rendered":"https:\/\/paginacero.com.uy\/?p=3648"},"modified":"2024-03-15T11:10:48","modified_gmt":"2024-03-15T14:10:48","slug":"con-el-corazon-entre-quebec-y-durazno","status":"publish","type":"post","link":"https:\/\/paginacero.com.uy\/?p=3648","title":{"rendered":"Con el coraz\u00f3n entre Quebec y Durazno"},"content":{"rendered":"<p><strong>Gissel Blanco naci\u00f3 en Durazno, se cri\u00f3 en nuestra ciudad, la ama, vivi\u00f3 hasta los 19 a\u00f1os ac\u00e1 y reside actualmente en Canad\u00e1. El camino que la ha llevado hasta all\u00ed la trae tambi\u00e9n todos los a\u00f1os a sus or\u00edgenes.<\/strong><!--more--><\/p>\n<p>\u201cA los 18 a\u00f1os termin\u00e9 el liceo y me quedaron algunas materias, me qued\u00e9 un a\u00f1o m\u00e1s en Durazno y durante ese tiempo instal\u00e9 una tienda de ropa econ\u00f3mica, creo que fue la primera en la ciudad, se llamaba El Ropero, tambi\u00e9n hice UTU ese a\u00f1o aprendiendo a trabajar en mimbre. Me pas\u00e9 ese a\u00f1o estudiando y trabajando, me fui a Montevideo a estudiar Asistente Social, carrera que no termin\u00e9 lamentablemente, trabaj\u00e9 en INAU, antes de irme del pa\u00eds\u201d cont\u00f3.<\/p>\n<p>\u201cSiempre viv\u00ed en el barrio del Molino, donde ahora est\u00e1 el Liceo 2 como referencia, en la antigua calle Ibiray, ah\u00ed nos criamos entre el ruido de los carros lecheros, alrededor hab\u00edan dos canchas, con grandes extensiones de pasto donde la gurisada se juntaba a jugar, nos conoc\u00edamos todos. Era uno de los barrios m\u00e1s lindos, ven\u00edan circos, calesitas, fue una zona muy pintoresca\u201d record\u00f3. \u201cMe cri\u00e9 con mis hermanos, hasta el d\u00eda de hoy vamos ah\u00ed porque es donde vive mi mam\u00e1 y es el punto de reuni\u00f3n\u201d.<\/p>\n<p>\u201cEmpec\u00e9 ah\u00ed mi primer grupo de amigos duraznenses, fui a la Escuela N\u00b0 2 donde hice amigos que la vida nos ha hecho reencontrar, algo muy lindo que nos ha dado buenas vivencias, cada uno con historias de vida diferentes, gente que hac\u00eda much\u00edsimos a\u00f1os no ve\u00eda, que pr\u00e1cticamente no les conoc\u00eda la cara, nos reunimos y cada vez que vengo a Durazno disfrutamos muchas actividades. Despu\u00e9s me fui al Rubino, como la mayor\u00eda de los duraznenses, hice mi grupo de amigos de adolescentes con los que tambi\u00e9n mantengo amistades, mis grandes amigas est\u00e1n en esos grupos, mantengo una relaci\u00f3n bastante estrecha, cuando regreso a Uruguay visito a algunos de esos amigos que no est\u00e1n ac\u00e1 y con los que est\u00e1n ac\u00e1 nos reunimos bastante seguido. Con ellos hac\u00edamos beneficios, viajes, organiz\u00e1bamos bailes, \u00edbamos a la feria a vender tortas fritas, era todo un gusto grande hacerlo, para poder despu\u00e9s salir. Hay cosas que me mantienen muy apegada a Durazno, ac\u00e1 vive mi mam\u00e1 y mi hermana, mi hermano vive en Villa Soriano y ni que hablar que por ellos vengo siempre, adem\u00e1s de los grandes afectos de la gente\u201d dijo.<\/p>\n<p>Gissel hace largo tiempo est\u00e1 en Canad\u00e1, lleg\u00f3 seleccionada por el gobierno de Quebec y desde ese entonces sus idas y venidas han sido siempre por afectos en uno y otro lugar.<\/p>\n<p>\u201cHace 19 a\u00f1os que vivo en Canad\u00e1, en la provincia de Quebec, ah\u00ed hablamos franc\u00e9s. Me fui porque el gobierno de Quebec hizo una selecci\u00f3n de personas que reunieran ciertos perfiles, que fueran familias j\u00f3venes, que tuvieran profesiones con cierta demanda y despu\u00e9s de un a\u00f1o de tr\u00e1mites, nos aprobaron y nos dieron la residencia permanente, as\u00ed que nos fuimos de ac\u00e1, todo fue bastante bueno, claro que hubieron momentos de mucho trabajo, pero tambi\u00e9n estuvimos estudiando, el idioma y carreras, para que nos pudi\u00e9ramos insertar en el plano laboral, ganando mejores salarios\u201d cont\u00f3.<\/p>\n<p>\u201cQuebec es precioso, pero el afecto es diferente, creo que los inviernos largos los marcan. Por eso siempre que puedo, Durazno me hace sentir distinta. Mi familia es mi esposo, oriundo de Sarand\u00ed Grande, mi hijo Mateo de 20 a\u00f1os que naci\u00f3 en Montevideo y se fue de ac\u00e1 con un a\u00f1o, y Juliana que naci\u00f3 en Montreal y tiene actualmente 15 a\u00f1os. Mi esposo viene seguido, mi hijo tambi\u00e9n, hace cuatro a\u00f1os que est\u00e1 viniendo a visitar peri\u00f3dicamente Uruguay, le gusta mucho, creo que siente el calor de la gente, algo le ha gustado mucho y sigue viniendo\u201d dijo.<\/p>\n<p>\u201cEst\u00e1 ac\u00e1 mi madre y mi hermana con mis dos sobrinos, ellos viven ac\u00e1 y mi hermano en Villa Soriano y est\u00e1 siempre de visita. Yo llego todos los febreros, porque es el carnaval y realmente me encanta, lo disfruto much\u00edsimo, me voy siempre que puedo a ver murgas, viajo a Montevideo a eso, a ver las Llamadas de ac\u00e1 y las de Montevideo, el festival, todas esas movidas culturales me encantan. Ni que hablar que el r\u00edo es una de las cosas que guardo desde mi primera infancia como recuerdo, mi abuela viv\u00eda muy cerca del Puente Nuevo e \u00edbamos a pie hasta all\u00ed, tengo fotos desde que era beb\u00e9 en la orilla del r\u00edo. Tambi\u00e9n fui boyscout en Durazno, por lo tanto eso tambi\u00e9n me ense\u00f1\u00f3 sobre el amor al r\u00edo y a la naturaleza\u201d cont\u00f3.<\/p>\n<p>Antes de su regreso a Canad\u00e1, nos contaba sobre los preparativos y ese sentimiento de irse, pero tambi\u00e9n de volver.<\/p>\n<p>\u201cLa hora de irse no es f\u00e1cil, hay sentimientos encontrados, dejar a mi mam\u00e1 y mis hermanos ac\u00e1, mis sobrinos, pero tambi\u00e9n all\u00e1 est\u00e1 mi familia. Soy una emigrante privilegiada, porque vengo todos los a\u00f1os, me doy ese espacio para volver, s\u00e9 de otras personas que no pueden hacerlo por razones laborales. Los preparativos son siempre la valija y el peso de la valija, porque cada vez las aerol\u00edneas te permiten menos peso en la valija, entonces es tremendo porque quiero llevarme yerba, fain\u00e1 y adobo, son cosas que no pueden faltarme. Este a\u00f1o mi hijo me pidi\u00f3 dulce de batata y de membrillo, cosas que all\u00e1 no hay. Entonces dejo la ropa que traigo y me llevo las cosas que prefiero\u201d dijo.<\/p>\n<p>\u201cAll\u00e1 en Canad\u00e1 no hay mucha gente que tome mate, pero si te ven tomando te preguntan que es, que gusto tiene, si es una yerba estimulante, les explicas y siempre les llama la atenci\u00f3n que todos tomamos de la misma bombilla, algo que ahora post pandemia se ha dejado un poco. La otra es que he hecho algunos amigos all\u00e1 gracias a que me han visto tomar mate y se acercan, mi mejor amiga es de Tucum\u00e1n y se acerc\u00f3 por eso\u201d cont\u00f3.<\/p>\n","protected":false},"excerpt":{"rendered":"<p>Gissel Blanco naci\u00f3 en Durazno, se cri\u00f3 en nuestra ciudad, la ama, vivi\u00f3 hasta los 19 a\u00f1os ac\u00e1 y reside actualmente en Canad\u00e1. El camino que la ha llevado hasta all\u00ed la trae tambi\u00e9n todos los a\u00f1os a sus or\u00edgenes.<\/p>\n","protected":false},"author":4,"featured_media":3649,"comment_status":"closed","ping_status":"closed","sticky":false,"template":"","format":"standard","meta":{"footnotes":""},"categories":[5,17],"tags":[],"class_list":["post-3648","post","type-post","status-publish","format-standard","has-post-thumbnail","hentry","category-durazno","category-suplemento-mujer"],"_links":{"self":[{"href":"https:\/\/paginacero.com.uy\/index.php?rest_route=\/wp\/v2\/posts\/3648","targetHints":{"allow":["GET"]}}],"collection":[{"href":"https:\/\/paginacero.com.uy\/index.php?rest_route=\/wp\/v2\/posts"}],"about":[{"href":"https:\/\/paginacero.com.uy\/index.php?rest_route=\/wp\/v2\/types\/post"}],"author":[{"embeddable":true,"href":"https:\/\/paginacero.com.uy\/index.php?rest_route=\/wp\/v2\/users\/4"}],"replies":[{"embeddable":true,"href":"https:\/\/paginacero.com.uy\/index.php?rest_route=%2Fwp%2Fv2%2Fcomments&post=3648"}],"version-history":[{"count":1,"href":"https:\/\/paginacero.com.uy\/index.php?rest_route=\/wp\/v2\/posts\/3648\/revisions"}],"predecessor-version":[{"id":3650,"href":"https:\/\/paginacero.com.uy\/index.php?rest_route=\/wp\/v2\/posts\/3648\/revisions\/3650"}],"wp:featuredmedia":[{"embeddable":true,"href":"https:\/\/paginacero.com.uy\/index.php?rest_route=\/wp\/v2\/media\/3649"}],"wp:attachment":[{"href":"https:\/\/paginacero.com.uy\/index.php?rest_route=%2Fwp%2Fv2%2Fmedia&parent=3648"}],"wp:term":[{"taxonomy":"category","embeddable":true,"href":"https:\/\/paginacero.com.uy\/index.php?rest_route=%2Fwp%2Fv2%2Fcategories&post=3648"},{"taxonomy":"post_tag","embeddable":true,"href":"https:\/\/paginacero.com.uy\/index.php?rest_route=%2Fwp%2Fv2%2Ftags&post=3648"}],"curies":[{"name":"wp","href":"https:\/\/api.w.org\/{rel}","templated":true}]}}