{"id":3636,"date":"2024-03-14T10:37:28","date_gmt":"2024-03-14T13:37:28","guid":{"rendered":"https:\/\/paginacero.com.uy\/?p=3636"},"modified":"2024-03-14T10:37:28","modified_gmt":"2024-03-14T13:37:28","slug":"liga-federal-1815-llego-en-gira-a-durazno","status":"publish","type":"post","link":"https:\/\/paginacero.com.uy\/?p=3636","title":{"rendered":"Liga Federal 1815 lleg\u00f3 en gira a Durazno"},"content":{"rendered":"<p><strong>El movimiento que encabeza Andr\u00e9s Lima como precandidato y el edil Pedro Hern\u00e1ndez en lo local, hicieron una gira por el departamento con el fin de recorrer y tener conocimiento de primera mano de la realidad.<\/strong><!--more--><\/p>\n<p>\u201cLo importante es estar, esta gira estaba programado, las inclemencias del tiempo muchas veces est\u00e1n fuera de lo que uno pueda calcular pero se estaba dentro de la planificaci\u00f3n y bueno decidimos seguir con ella, estoy acompa\u00f1ando a Andr\u00e9s como precandidato a la presidencia una vez m\u00e1s en Durazno, no es un una golondrina como se le dicen, sino que lo hemos remarcado, hace dos a\u00f1os que est\u00e1 llegando a Durazno para conocer lo que es la realidad del interior\u201d dijo Pedro Hern\u00e1ndez durante la visita a nuestra redacci\u00f3n.<\/p>\n<p>\u201cEn la primera instancia o sea cuando nos conocimos con Andres hab\u00eda superado ser edil, diputado, doblemente intendente y le quedaba un paso m\u00e1s. En aquel momento era llegar al senado y desde el punto de vista de Andr\u00e9s nos manifestaba que para ser un Senador hay que tener conocimiento del pa\u00eds, para no estar sentado en una banca simplemente por estar, sino que llevar el conocimiento del pa\u00eds entero y nos planteamos eso\u201d agreg\u00f3. \u201cYa anduvimos compartiendo en Aguas Buenas, en San Jorge, en La Paloma, en Blanquillo, en Carlos Reyles, Centenario, Sarand\u00ed del Y\u00ed, en El Carmen, o sea que es un trabajo que lo venimos haciendo desde hace mucho tiempo, recabando ese conocimiento que tiene que tener y m\u00e1s ahora como precandidato, para ver los planteos que hay en cada zona en la regi\u00f3n, que se puede hacer en la regi\u00f3n, porque muchas veces la visi\u00f3n desde Montevideo no es la misma que la que puede tener Andr\u00e9s desde el interior que es lo que nosotros apuntamos\u201d.<\/p>\n<p>\u201cAc\u00e1 en Durazno precisamente nosotros lo venimos diciendo, que deber\u00eda de ser el departamento industrial del pa\u00eds, estamos en el centro del pa\u00eds, tenemos industrias, tenemos un empuje con lo que es la ganader\u00eda que yo creo que ah\u00ed es donde tenemos que trabajar m\u00e1s, que esa ganader\u00eda no se vayan 300.000 o 400,000 animales en pie quitando el valor agregado y la mano de obra de los uruguayos. Ac\u00e1 tenemos tres frigor\u00edficos, pretendemos trabajar desde el interior con conocimiento de causa y llevar, trasladar esa problem\u00e1tica para poder superar lo que es la campa\u00f1a que d\u00eda a d\u00eda est\u00e1 quedando despoblada. Tenemos en nuestra idea trabajar sobre lo que es la contribuci\u00f3n el aparato contributivo, hoy se recarga al productor sobre todo al productor ganadero, que creo que es el que produce m\u00e1s mano de obra y que van quedando las grandes superficies y los peque\u00f1os productores a ra\u00edz de ese de apretarle el cintur\u00f3n. Estoy en acuerdo con Un Solo Uruguay en su planteo de muchas veces que no son solo las cuatro por cuatro, sino que hay un 80% de lo que es la campa\u00f1a que est\u00e1 siendo muy oprimida y se debe trabajar en ese sentido. Ese es el primer panorama que tenemos\u201d indic\u00f3 Hern\u00e1ndez.<\/p>\n<p>El precandidato Andr\u00e9s Lima indic\u00f3 que \u201clo m\u00e1s importante es tener la capacidad de llegar a cada rinc\u00f3n del pa\u00eds. En Durazno debe ser la cuarta o quinta vez que estoy, hemos hecho con Pedro una planificaci\u00f3n para poder seguir viniendo mensualmente, no solo a la capital departamental sino al interior, porque es la \u00fanica forma de conocer. Los desaf\u00edos que tenemos como precandidatura es tener una buena elecci\u00f3n interna, sabemos que para el interior todo es m\u00e1s dif\u00edcil, se hace cuesta arriba, pero este \u00faltimo a\u00f1o se ha tenido un crecimiento interesante. En febrero del a\u00f1o pasado no figuraba en las encuestas como precandidato del Frente, en marzo figur\u00e9 por primera vez con un 1% de intenci\u00f3n de voto de los frenteamplistas, hoy las \u00faltimas encuestas dan un 6 o 7%, ese crecimiento que se ha dado de la propuesta, de la precandidatura, es el resultado del mensaje de ser una voz del interior, en un escenario del Frente Amplio como gobierno nacional aportar una mirada del interior es interesante\u201d.<\/p>\n<p>\u201cHoy tenemos representaci\u00f3n en los 19 departamentos, no solo en las capitales departamentales sino tambi\u00e9n en el interior del departamento, en Durazno tenemos presencia en muchas de las localidades y lo que estamos planteando b\u00e1sicamente para la elecci\u00f3n de todo el programa estamos priorizando nueve temas que entendemos son centrales para la vida para el crecimiento de un pa\u00eds, la seguridad p\u00fablica, educaci\u00f3n, salud, vivienda, trabajo, cultura, pol\u00edtica de frontera porque tenemos once departamentos que tienen frontera con Argentina o con Brasil, transparencia p\u00fablica y erradicaci\u00f3n de la pobreza, principalmente en la ni\u00f1ez o primera infancia. Esto tiene que ver con las<\/p>\n<p>realidades del interior, hay un dato fuerte que golpea al interior y es que 30 uruguayos por d\u00eda abandonan el interior y se van a la zona metropolitana, seguramente porque no encuentran las oportunidades de trabajo para quedarse. Sin dudas en este sentido hay una serie de medidas que hay que tomar para revertir ese proceso, vinculadas fundamentalmente con la educaci\u00f3n y el trabajo\u201d indic\u00f3.<\/p>\n<p>De esos nueve temas, tres son centrales: seguridad, trabajo y educaci\u00f3n, para los cuales el movimiento tiene una propuesta particular.<\/p>\n<p>\u201cLas propuestas centrales son seguridad, trabajo y educaci\u00f3n. En seguridad estamos planteando una Mesa de Di\u00e1logo Nacional donde participen todos los partidos pol\u00edticos, las organizaciones sociales que tienen mucho para aportar porque conocen y tienen mucho para compartir por ejemplo desde las Mesas de Convivencia, la Academia lo que es la Universidad, la Polic\u00eda porque son quienes est\u00e1n en el mano a mano, en el territorio donde se hace el control y la lucha al narcotr\u00e1fico, ver qu\u00e9 medidas han tomado nuestros vecinos para ver si alguna ha sido efectiva y se puede trasladar a nuestro pa\u00eds, porque el narcotr\u00e1fico ha crecido y nos est\u00e1 ganando por goleada\u201d dijo.<\/p>\n<p>\u201cCreo que hoy la preocupaci\u00f3n m\u00e1s grande en el tema seguridad es el narcotr\u00e1fico. Dejamos de ser un pa\u00eds de paso para la droga para ser un pa\u00eds de acopio, la droga ingresa al pa\u00eds y se queda ac\u00e1 a la espera del mercado, la mejor propuesta, mientras est\u00e1 en el pa\u00eds se dan enfrentamientos de bandas de narcos todos los d\u00edas, pasa en todo el pa\u00eds, aument\u00f3 el consumo, abarca a todas las edades y pr\u00e1cticamente no hay centros de rehabilitaci\u00f3n. Soy abogado, me ha tocado muchas veces disponer una internaci\u00f3n y los jueces terminan disponi\u00e9ndolas en las salas de siquiatr\u00eda de los hospitales porque no hay otra forma, y la atenci\u00f3n que hay all\u00ed no es la m\u00e1s efectiva para tratar esta patolog\u00eda. Junto con esto tenemos dificultades en la atenci\u00f3n de salud mental, reci\u00e9n en el a\u00f1o pasado en la Rendici\u00f3n de Cuentas se votaron 20 millones de d\u00f3lares para trabajar en salud mental. El Uruguay, quienes nos asesoran en temas de salud, nos dicen que entre el 25% y 30% de los uruguayos en alg\u00fan momento vamos a necesitar una atenci\u00f3n en salud mental, sin contar la atenci\u00f3n sicoterapeuta aguda que pueda darse en un centro de internaci\u00f3n, Uruguay no est\u00e1 preparado para esto, es un tema relativamente nuevo y por eso tenemos realidades como la del Hospital de Salto que tiene 70.000 usuarios y dos siqui\u00e1tricos, uno para personas mayores y otro para menores de edad, todo eso son dificultades que tiene el pa\u00eds\u201d agreg\u00f3.<\/p>\n<p>En lo laboral, apuesta a una distribuci\u00f3n equitativa de las inversiones.<\/p>\n<p>\u201cDesde el punto de vista laboral hay una distribuci\u00f3n que no es equitativa, la inversi\u00f3n, las oportunidades, de las empresas, de las f\u00e1bricas y del trabajo. Todo se queda en la zona metropolitana, San Jos\u00e9 y Maldonado y de ah\u00ed no sale, no sube, mucho menos cruza al norte del R\u00edo Negro entonces eso hace que haya regiones que tienen mayor crecimiento que otras. Me toca vivir en la zona de menos desarrollo, de m\u00e1s pobreza, Rivera es el departamento m\u00e1s pobre del pa\u00eds, Artigas es el segundo m\u00e1s pobre, la tasa de desempleo en el norte del pa\u00eds es la m\u00e1s alta, la infantilizaci\u00f3n de la pobreza es m\u00e1s alta al norte del pa\u00eds, la tasa de inversi\u00f3n es la m\u00e1s baja. La inversi\u00f3n crece, porque las cosas est\u00e1n bien, hay que reconocerlas, la econom\u00eda crece, pero se distribuye de una forma no equitativa y la \u00fanica forma de cambiarlo es eso, esto no viene de dos o tres a\u00f1os, somos un pa\u00eds centralista, todo pasa por la capital, por poner un ejemplo bien gr\u00e1fico un funcionario policial me plantea un traslado de la Jefatura de Salto a Chapicuy, un pueblo que est\u00e1 a cuarenta kil\u00f3metros, el Jefe de Polic\u00eda est\u00e1 de acuerdo, pero si el Ministro no firma no sale el pase, eso es un ejemplo de centralismo de las acciones del pa\u00eds. Este tipo de movimiento que hay, en el caso nuestro en el Frente, se tiene que dar en todos los partidos, para lograr descentralizar en educaci\u00f3n, porque sino los j\u00f3venes siguen emigrando hacia la capital del pa\u00eds y contin\u00faa la sangr\u00eda\u201d indic\u00f3.<\/p>\n<p>\u201cComo estrategias tenemos la idea de m\u00e1s liceos, mayor presencia de la UTEC, m\u00e1s UTU, tambi\u00e9n la presencia de la Universidad en forma descentralizada, m\u00e1s all\u00e1 de que no ha tenido una inversi\u00f3n presupuestal y eso impide que la descentralizaci\u00f3n avance. Esto debe continuar, pero hay que acompa\u00f1arla con la UTEC que debe estar presente en todo el pa\u00eds, deber\u00eda adaptar sus cursos, sus ense\u00f1anzas a la realidad productiva de cada departamento, debe tener esa visi\u00f3n. La UTU, porque en muchas localidades del interior la \u00fanica forma que un joven puede aprender un oficio es la UTU, ya que si no tiene la chance de seguir estudiando despu\u00e9s de culminar el ciclo b\u00e1sico debe ir a las ciudades capitales o a trabajar, y si lo hace es en condiciones de trabajar en negro y tener menores<\/p>\n<p>ingresos. Esa realidad pasa, todo esto que sucede en el interior y que lo vemos como algo cotidiano, no se si todos lo conocen, los referentes nacionales que viven en la zona metropolitana desconocen esta realidad, por lo menos en el caso del Frente Amplio, porque es una fuerza muy capitalina que desconoce estas realidades. Creo que los quince a\u00f1os en que el Frente fue gobierno evidenciaron esto, hubo avances pero tambi\u00e9n es cierto que no hubo una lectura correcta de muchas realidades del interior. Y una propuesta nacional no puede tener solamente lineamientos generales a nivel pa\u00eds, porque necesita ser complementada con realidades de cada zona, esto es un poco lo que tratamos de apostar a cada zona\u201d dijo.<\/p>\n<p>Para Durazno, la visi\u00f3n es similar a la de todo el pa\u00eds.<\/p>\n<p>\u201cDurazno no escapa a la realidad que te planteaba, trabajo, hay que pensar en temas laborales a largo plazo porque est\u00e1 claro que UPM a Durazno le sginific\u00f3 un aporte important\u00edsimo durante 4 o 5 a\u00f1os, pero termina la obra y Durazno vuelve a ser el mismo departamento que era antes, le pas\u00f3 a R\u00edo Negro, le pas\u00f3 a Colonia, entonces esto es v\u00e1lido pero no transforma la realidad del departamento. Creo que cuando uno habla de trabajo significa tratar de romper una modalidad que tiene muchos a\u00f1os en el interior y es que estamos acostumbrados a que las fuentes de trabajo son la Intendencia, la Polic\u00eda, el Cuartel que termina siendo una opci\u00f3n de trabajo que no es una vocaci\u00f3n sino la posibilidad de tener un ingreso mensual, o un establecimiento agropecuario y fuera de eso no hay muchas m\u00e1s opciones. Ah\u00ed tiene que estar la mano de un gobierno nacional, distribuyendo de mejor forma la inversi\u00f3n. A Uruguay llega la inversi\u00f3n, pero no se distribuye y esa es la diferencia que tenemos con el gobierno, con el Frente Amplio hubo crecimiento, con la coalici\u00f3n del actual gobierno hubo crecimiento pero la inversi\u00f3n no se distribuye en forma equitativa, cuando no se redistribuye se termina afectando servicios esenciales como son la salud y la educaci\u00f3n, menos recursos para la salud, menos recursos para la educaci\u00f3n, por lo tanto hay que crecer con una redistribuci\u00f3n de las inversiones, y para eso debe haber subsidios por parte del gobierno para que se consoliden\u201d agreg\u00f3.<\/p>\n<p>\u201cUruguay est\u00e1 dejando caer la industria, en 1988 hab\u00eda 400.000 trabajadores aportando a la industria, aportando al BPS como trabajadores de la industria, hoy hay 110.000. Paysand\u00fa que era la ciudad industrial del norte hoy ya no tiene f\u00e1bricas, cada vez tenemos menos industrias. Que pa\u00eds ha crecido sin industrias, el problema es que Uruguay hasta ahora no estaba dispuesto a subsidiar cuando la realidad es que todos subsidian la industria, hay que hacerlo, as\u00ed como hay que tomar medidas proteccionistas, nosotros tenemos dos gigantes que cada vez que deval\u00faan o hay una diferencia de cambio nos afecta y nosotros no hacemos nada. Hoy si el litoral est\u00e1 mejor es porque Argentina devalu\u00f3, subieron los precios de combustibles y alimentos y nadie cruza, porque no sirve, pero si esto se revierte nos afecta negativamente. Eso que est\u00e1 pasando hoy, que no hay colas, que no cruzan, que el comercio mejor\u00f3 sus ventas, es por decisi\u00f3n del gobierno argentino, pero no podemos estar siempre dependiendo de lo que decidan nuestros vecinos, tenemos que generar medida propias que cuiden el comercio local, la industria y el turismo, que generan much\u00edsimo trabajo\u201d finaliz\u00f3 diciendo.<\/p>\n","protected":false},"excerpt":{"rendered":"<p>El movimiento que encabeza Andr\u00e9s Lima como precandidato y el edil Pedro Hern\u00e1ndez en lo local, hicieron una gira por el departamento con el fin de recorrer y tener conocimiento de primera mano de la realidad.<\/p>\n","protected":false},"author":4,"featured_media":3638,"comment_status":"closed","ping_status":"closed","sticky":false,"template":"","format":"standard","meta":{"footnotes":""},"categories":[5],"tags":[],"class_list":["post-3636","post","type-post","status-publish","format-standard","has-post-thumbnail","hentry","category-durazno"],"_links":{"self":[{"href":"https:\/\/paginacero.com.uy\/index.php?rest_route=\/wp\/v2\/posts\/3636","targetHints":{"allow":["GET"]}}],"collection":[{"href":"https:\/\/paginacero.com.uy\/index.php?rest_route=\/wp\/v2\/posts"}],"about":[{"href":"https:\/\/paginacero.com.uy\/index.php?rest_route=\/wp\/v2\/types\/post"}],"author":[{"embeddable":true,"href":"https:\/\/paginacero.com.uy\/index.php?rest_route=\/wp\/v2\/users\/4"}],"replies":[{"embeddable":true,"href":"https:\/\/paginacero.com.uy\/index.php?rest_route=%2Fwp%2Fv2%2Fcomments&post=3636"}],"version-history":[{"count":1,"href":"https:\/\/paginacero.com.uy\/index.php?rest_route=\/wp\/v2\/posts\/3636\/revisions"}],"predecessor-version":[{"id":3639,"href":"https:\/\/paginacero.com.uy\/index.php?rest_route=\/wp\/v2\/posts\/3636\/revisions\/3639"}],"wp:featuredmedia":[{"embeddable":true,"href":"https:\/\/paginacero.com.uy\/index.php?rest_route=\/wp\/v2\/media\/3638"}],"wp:attachment":[{"href":"https:\/\/paginacero.com.uy\/index.php?rest_route=%2Fwp%2Fv2%2Fmedia&parent=3636"}],"wp:term":[{"taxonomy":"category","embeddable":true,"href":"https:\/\/paginacero.com.uy\/index.php?rest_route=%2Fwp%2Fv2%2Fcategories&post=3636"},{"taxonomy":"post_tag","embeddable":true,"href":"https:\/\/paginacero.com.uy\/index.php?rest_route=%2Fwp%2Fv2%2Ftags&post=3636"}],"curies":[{"name":"wp","href":"https:\/\/api.w.org\/{rel}","templated":true}]}}