{"id":3632,"date":"2024-03-13T12:02:28","date_gmt":"2024-03-13T15:02:28","guid":{"rendered":"https:\/\/paginacero.com.uy\/?p=3632"},"modified":"2024-03-13T12:02:28","modified_gmt":"2024-03-13T15:02:28","slug":"dia-de-la-mujer-un-dia-que-se-debe-conmemorar-con-acciones","status":"publish","type":"post","link":"https:\/\/paginacero.com.uy\/?p=3632","title":{"rendered":"\u201cD\u00eda de la mujer: un d\u00eda que se debe conmemorar con acciones\u201d"},"content":{"rendered":"<p><strong>Daniela Moreira, edila del Partido Nacional, volvi\u00f3 a reiterar su pedido de una red lum\u00ednica en camino Rossi, una zona en la que han habido varios accidentes y que desde hace varios a\u00f1os los ediles y vecinos est\u00e1n preocupados.<\/strong><!--more--><\/p>\n<p>\u201cComo primer punto voy a reiterar una solicitud con fecha 22 de abril del a\u00f1o 2022, donde manifestamos la necesidad de contar con una red lum\u00ednica que facilite la circulaci\u00f3n desde camino Rossi hasta la rotonda ubicada en el bypass de ruta 14 y ruta 5. Manifestamos la necesidad y la urgencia de esta solicitud ya que en este trayecto se hab\u00edan producido varios accidentes, algunos de ellos fatales. A esto agregamos que el d\u00eda 26 de febrero pasado se ha constatado otro accidente en esta zona, destacamos la peligrosidad del recorrido a causa de la oscuridad porque no cuenta con la luz necesaria\u201d dijo.<\/p>\n<p>La edila se sum\u00f3 al pedido que realiz\u00f3 recientemente el edil Hern\u00e1ndez, con el mismo motivo.<\/p>\n<p>\u201cQuiero que mis palabras se adhieran a las del se\u00f1or edil Hern\u00e1ndez, quien abord\u00f3 esta tem\u00e1tica y de esta manera podamos lograr la soluci\u00f3n a la demanda y preocupaci\u00f3n de los vecinos que viven en los barrios afectados\u201d agreg\u00f3.<\/p>\n<p>\u201cSolicito que mis palabras pasen al Ministerio de Obras P\u00fablicas, al Director de Obras de la Intendencia Departamental y al Director de UTE\u201d indic\u00f3.<\/p>\n<p>Tambi\u00e9n hizo referencia al D\u00eda de la Mujer, conmemoraci\u00f3n que busca reivindicar los derechos de las mujeres, a la vez que dijo que se debe conmemorar con acciones, tal como lo anunciaron desde Presidencia.<\/p>\n<p>\u201cComo segundo punto voy a mencionar el D\u00eda Internacional de la Mujer que se conmemora los 8 de marzo. Es una fecha donde se hace visible el rol central y esencial que las mujeres ocupamos en todas las esferas de la sociedad, adem\u00e1s es para renovar y avanzar en el compromiso de lucha contra todas las formas de discriminaci\u00f3n, equidad y violencia que tanto mujeres, ni\u00f1as y adolescentes sufren diariamente\u201d dijo.<\/p>\n<p>\u201cLas mujeres somos m\u00e1s del 50% de la poblaci\u00f3n, si en un Estado no tenemos los mismos derechos, no tenemos el mismo acceso ni las mismas oportunidades, nunca podremos hablar de desarrollo sostenible. Las ideas est\u00e1n, los proyectos est\u00e1n, pero es necesario salir del discurso bonito, sobre todo en cada 8 de marzo, implementar y ejecutar pol\u00edticas de g\u00e9nero\u201d agreg\u00f3.<\/p>\n<p>Se sum\u00f3 al homenaje a las mujeres del interior profundo, que con sus acciones elevan la sociedad y buscan el bienestar de las comunidades.<\/p>\n<p>\u201cEn este 8 de marzo quiero homenajear a la mujer de nuestro Durazno profundo, a la mujer muchas veces olvidada, esa que lucha d\u00eda a d\u00eda con pocos recursos para que sus hijos estudien, la que los lleva a la escuela, la que los abraza y los contiene. Es la que busca una salida laboral, la que emprende buscando horizontes, maestras que se van a una escuela en el medio del campo, mujeres que para traer un hijo al mundo recorren kil\u00f3metros para llegar a un hospital, mujeres que con enfermedades crueles contin\u00faan adelante con la esperanza de vida para seguir al lado de sus hijos, mujeres que cumplen el rol de padre y de madre\u201d agreg\u00f3.<\/p>\n<p>\u201cEs fundamental que en este 8 de marzo reconozcamos el trabajo, la contribuci\u00f3n que hacemos en el d\u00eda a d\u00eda, es responsabilidad de todos, sobre todo de quienes trabajamos en pol\u00edtica, enviar un mensaje de reflexi\u00f3n, es imprescindible que como mujeres exigimos que se nos respete, si bien nos encontramos en una sociedad que ha trabajando en pro de la mujer tanto a nivel de legislaci\u00f3n, como social, como pol\u00edtico, a\u00fan falta. Tengo confianza y apuesto a la madurez de todos los colectivos, gremios, organizaciones sociales, para trabajar en el conjunto de derechos que admitan avanzar en una sociedad m\u00e1s igualitaria, m\u00e1s participativa y m\u00e1s justa\u201d indic\u00f3.<\/p>\n<p>\u201cCelebro tambi\u00e9n la resoluci\u00f3n desde Presidencia del 29 de febrero, el d\u00eda de las mujeres tambi\u00e9n se conmemora con acciones\u201d finaliz\u00f3 diciendo.<\/p>\n","protected":false},"excerpt":{"rendered":"<p>Daniela Moreira, edila del Partido Nacional, volvi\u00f3 a reiterar su pedido de una red lum\u00ednica en camino Rossi, una zona en la que han habido varios accidentes y que desde hace varios a\u00f1os los ediles y vecinos est\u00e1n preocupados.<\/p>\n","protected":false},"author":4,"featured_media":3633,"comment_status":"closed","ping_status":"closed","sticky":false,"template":"","format":"standard","meta":{"footnotes":""},"categories":[5],"tags":[],"class_list":["post-3632","post","type-post","status-publish","format-standard","has-post-thumbnail","hentry","category-durazno"],"_links":{"self":[{"href":"https:\/\/paginacero.com.uy\/index.php?rest_route=\/wp\/v2\/posts\/3632","targetHints":{"allow":["GET"]}}],"collection":[{"href":"https:\/\/paginacero.com.uy\/index.php?rest_route=\/wp\/v2\/posts"}],"about":[{"href":"https:\/\/paginacero.com.uy\/index.php?rest_route=\/wp\/v2\/types\/post"}],"author":[{"embeddable":true,"href":"https:\/\/paginacero.com.uy\/index.php?rest_route=\/wp\/v2\/users\/4"}],"replies":[{"embeddable":true,"href":"https:\/\/paginacero.com.uy\/index.php?rest_route=%2Fwp%2Fv2%2Fcomments&post=3632"}],"version-history":[{"count":1,"href":"https:\/\/paginacero.com.uy\/index.php?rest_route=\/wp\/v2\/posts\/3632\/revisions"}],"predecessor-version":[{"id":3634,"href":"https:\/\/paginacero.com.uy\/index.php?rest_route=\/wp\/v2\/posts\/3632\/revisions\/3634"}],"wp:featuredmedia":[{"embeddable":true,"href":"https:\/\/paginacero.com.uy\/index.php?rest_route=\/wp\/v2\/media\/3633"}],"wp:attachment":[{"href":"https:\/\/paginacero.com.uy\/index.php?rest_route=%2Fwp%2Fv2%2Fmedia&parent=3632"}],"wp:term":[{"taxonomy":"category","embeddable":true,"href":"https:\/\/paginacero.com.uy\/index.php?rest_route=%2Fwp%2Fv2%2Fcategories&post=3632"},{"taxonomy":"post_tag","embeddable":true,"href":"https:\/\/paginacero.com.uy\/index.php?rest_route=%2Fwp%2Fv2%2Ftags&post=3632"}],"curies":[{"name":"wp","href":"https:\/\/api.w.org\/{rel}","templated":true}]}}