{"id":3621,"date":"2024-03-12T11:54:47","date_gmt":"2024-03-12T14:54:47","guid":{"rendered":"https:\/\/paginacero.com.uy\/?p=3621"},"modified":"2024-03-12T11:54:47","modified_gmt":"2024-03-12T14:54:47","slug":"el-basurero-de-la-ciudad-del-carmen-debe-ser-trasladado-a-otra-zona","status":"publish","type":"post","link":"https:\/\/paginacero.com.uy\/?p=3621","title":{"rendered":"\u201cEl basurero de la ciudad del Carmen debe ser trasladado a otra zona\u201d"},"content":{"rendered":"<p><strong>Daniel Lerena, edil del Partido Colorado hizo dos pedidos, uno referido a la seguridad vial y otro al medio ambiente, en la ciudad e interior, destacando que ins\u00f3litamente el cementerio de la ciudad del Carmen se encuentra dentro de la ciudad.<\/strong><!--more--><\/p>\n<p>\u201cUno de los temas que quiero plantear es que hay un sem\u00e1foro, que tapa un cartel en la esquina de Giordano y la calle Maciel, que ser\u00eda bueno corregir ese tema. El cartel qued\u00f3 tapado por ese sem\u00e1foro, se puso en esa esquina porque es un lugar bastante peligroso, vecinos de la zona nos han dicho si se puede solucionar ese tema. Quisiera que mis palabras pasen a la Comisi\u00f3n de Obras y al Director del Departamento de Obras\u201d dijo el edil.<\/p>\n<p>En esa esquina, con motivo del intenso tr\u00e1nsito y las condiciones de inseguridad vial se ha colocado un sem\u00e1foro que est\u00e1 en funcionamiento desde hace algunas semanas, pero destacan que los carteles se\u00f1alizadores han quedado tapados por el mismo.<\/p>\n<p>El edil tambi\u00e9n se refiri\u00f3 a una realidad que hay en ciudad del Carmen, donde un basurero que est\u00e1 ubicado cercano al Cementerio causa preocupaci\u00f3n en los vecinos desde hace tiempo.<\/p>\n<p>\u201cAdem\u00e1s, hay un tema que nos ubica en la ciudad de Carmen, es un basural que est\u00e1 al costado del Cementerio, que es tremendo por su tama\u00f1o y por los efectos que tiene en la zona. Adem\u00e1s de provocar una importante contaminaci\u00f3n ambiental, que afecta al Cementerio local, ser\u00eda importante corregir este tema, limpiar la zona y sacar el basurero del lugar. Ya vimos que la Intendencia est\u00e1 tratando de solucionar este tema a nivel departamental, con un proyecto de mayores dimensiones, pero para la ciudad ser\u00eda importante que se corrigiera cuanto antes, ya que las bolsas terminan en el Cementerio, y sin dudas que adem\u00e1s de lo ambiental es importante pero sin dudas no estamos respetando la memoria de nuestros fallecidos\u201d agreg\u00f3.<\/p>\n<p>\u201cPor lo tanto, viendo las serias molestias que tienen los vecinos, ser\u00eda conveniente solucionarlo en forma urgente, o buscar un lugar en forma provisoria para cambiar el basurero que ins\u00f3litamente est\u00e1 dentro de la ciudad y al lado del Cementerio. Ser\u00eda importante cambiarlo cuanto antes, a un lugar donde la contaminaci\u00f3n sea menos invasiva y buscar tambi\u00e9n una soluci\u00f3n de fondo al tema. Varios vecinos de la ciudad est\u00e1n sumamente preocupados por el tema\u201d indic\u00f3.<\/p>\n<p>\u201cNecesitamos que nuestras palabras pasen a la Comisi\u00f3n de Medio Ambiente y a la Comisi\u00f3n de Obras de la Junta Departamental, al Departamento de Servicios de la Intendencia\u201d finaliz\u00f3 diciendo.<\/p>\n","protected":false},"excerpt":{"rendered":"<p>Daniel Lerena, edil del Partido Colorado hizo dos pedidos, uno referido a la seguridad vial y otro al medio ambiente, en la ciudad e interior, destacando que ins\u00f3litamente el cementerio de la ciudad del Carmen se encuentra dentro de la ciudad.<\/p>\n","protected":false},"author":4,"featured_media":3623,"comment_status":"closed","ping_status":"closed","sticky":false,"template":"","format":"standard","meta":{"footnotes":""},"categories":[5],"tags":[],"class_list":["post-3621","post","type-post","status-publish","format-standard","has-post-thumbnail","hentry","category-durazno"],"_links":{"self":[{"href":"https:\/\/paginacero.com.uy\/index.php?rest_route=\/wp\/v2\/posts\/3621","targetHints":{"allow":["GET"]}}],"collection":[{"href":"https:\/\/paginacero.com.uy\/index.php?rest_route=\/wp\/v2\/posts"}],"about":[{"href":"https:\/\/paginacero.com.uy\/index.php?rest_route=\/wp\/v2\/types\/post"}],"author":[{"embeddable":true,"href":"https:\/\/paginacero.com.uy\/index.php?rest_route=\/wp\/v2\/users\/4"}],"replies":[{"embeddable":true,"href":"https:\/\/paginacero.com.uy\/index.php?rest_route=%2Fwp%2Fv2%2Fcomments&post=3621"}],"version-history":[{"count":1,"href":"https:\/\/paginacero.com.uy\/index.php?rest_route=\/wp\/v2\/posts\/3621\/revisions"}],"predecessor-version":[{"id":3624,"href":"https:\/\/paginacero.com.uy\/index.php?rest_route=\/wp\/v2\/posts\/3621\/revisions\/3624"}],"wp:featuredmedia":[{"embeddable":true,"href":"https:\/\/paginacero.com.uy\/index.php?rest_route=\/wp\/v2\/media\/3623"}],"wp:attachment":[{"href":"https:\/\/paginacero.com.uy\/index.php?rest_route=%2Fwp%2Fv2%2Fmedia&parent=3621"}],"wp:term":[{"taxonomy":"category","embeddable":true,"href":"https:\/\/paginacero.com.uy\/index.php?rest_route=%2Fwp%2Fv2%2Fcategories&post=3621"},{"taxonomy":"post_tag","embeddable":true,"href":"https:\/\/paginacero.com.uy\/index.php?rest_route=%2Fwp%2Fv2%2Ftags&post=3621"}],"curies":[{"name":"wp","href":"https:\/\/api.w.org\/{rel}","templated":true}]}}