{"id":3618,"date":"2024-03-12T11:52:47","date_gmt":"2024-03-12T14:52:47","guid":{"rendered":"https:\/\/paginacero.com.uy\/?p=3618"},"modified":"2024-03-12T11:52:47","modified_gmt":"2024-03-12T14:52:47","slug":"el-plan-local-de-durazno-quedo-postergado-tal-vez-por-dos-anos","status":"publish","type":"post","link":"https:\/\/paginacero.com.uy\/?p=3618","title":{"rendered":"\u201cEl Plan Local de Durazno qued\u00f3 postergado, tal vez por dos a\u00f1os\u201d"},"content":{"rendered":"<p><strong>El edil Pablo Revello del Frente Amplio lament\u00f3 que desde el Ejecutivo se haya postergado el tratamiento del Plan Local para la ciudad, una propuesta que ven\u00eda siendo atendida desde hace tres a\u00f1os y que de esta forma queda sin definir.<\/strong><!--more--><\/p>\n<p>En su presentaci\u00f3n en la Junta tambi\u00e9n destac\u00f3 la conmemoraci\u00f3n del D\u00eda Internacional de la Mujer.<\/p>\n<p>\u201cCon motivo de un nuevo 8 de marzo, D\u00eda Internacional de la Mujer, queremos saludar a las mujeres en general, reivindicar lo que han sido sus luchas, festejar lo que han sido sus logros y manifestar el compromiso para profundizar las mejoras que en los \u00faltimos a\u00f1os han habido en cuanto a legislaci\u00f3n para contemplarlas. Esto tiene especial significaci\u00f3n cuando en el Parlamento Nacional se est\u00e1 discutiendo la Ley de Paridad en las listas de representaci\u00f3n a los cargos electivos\u201d dijo el edil.<\/p>\n<p>Luego, present\u00f3 un saludo a los integrantes de Cine Club Durazno que desde hace 24 a\u00f1os funcionaba en nuestra ciudad y dej\u00f3 la actividad.<\/p>\n<p>\u201cQuiero hacer notar, no quiero que pase desapercibido, una actividad cultural espont\u00e1nea, popular, que hubo en Durazno en el a\u00f1o 2000, hoy est\u00e1 cumpliendo 24 a\u00f1os, ha culminado as\u00ed lo han expresado sus organizadores. Me estoy refiriendo al Cine Club Durazno, esta actividad sin dudas tiene un valor cultural muy importante por el tipo de pel\u00edculas y por el inter\u00e9s que genera, obviamente gente que a trav\u00e9s de esa actividad cultural ha aportado a la sociedad. Quiero mencionar a los pioneros, cuatro personas en el entendido de que representan a todo un grupo, a lo largo de este casi cuarto de siglo han llevado la actividad adelante. Alicia Mautone, a quien se le consigna la idea inicial, el impulso inicial, algunos de la actual directiva como Dulio Mart\u00ednez, Alicia Despaux, Luis Rey, la lista sigue pero por temor a olvidar algunas personas quiero nombrar a ellos en representaci\u00f3n de ese lindo grupo que ha hecho tantos aportes\u201d agreg\u00f3.<\/p>\n<p>El edil mostr\u00f3 su desaz\u00f3n por la postergaci\u00f3n, estima que por dos a\u00f1os, del tratamiento del Plan Local de Durazno, una herramienta de infraestructura edilicia que ven\u00eda siendo esperado por muchos duraznenses para solucionar temas de vivienda.<\/p>\n<p>\u201cEntrando a temas de pol\u00edtica departamental, quiero destacar la desaz\u00f3n que significa que el Intendente Departamental haya decidido no enviar a esta Junta el Plan Local que desde hace tres a\u00f1os est\u00e1 anunciando. Durante este tiempo hemos recibido a los miembros del Ejecutivo, t\u00e9cnicos que elaboraron el borrador, sabemos de muchas familias que les importa mucho este Plan Local, porque para ellos significa solucionar un problema personal, familiar, como es el techo propio\u201d agreg\u00f3.<\/p>\n<p>\u201cSe ha postergado este a\u00f1o, imagino que el a\u00f1o pr\u00f3ximo tambi\u00e9n porque el a\u00f1o de elecci\u00f3n departamental y el Intendente no lo va a enviar, o sea que estamos postergando dos a\u00f1os el tratamiento del Plan, quiz\u00e1s para el Intendente no es un problema porque el tiene resuelto el problema de casa habitaci\u00f3n, pero a la gente que me refiero este tema es importante. Sabemos que no se puede hablar de una soluci\u00f3n muy f\u00e1cil para todas las situaciones que existan, pero no es justo no avanzar en muchos casos que si se podr\u00edan haber avanzado, hay gente organizada\u201d indic\u00f3.<\/p>\n<p>\u201cDesde el Frente Amplio consideramos que cuando hay gente organizada para solucionar los problemas de las familias hay que ser especialmente ejecutivos para trabajarlo, lo que vamos a lograr es que dentro de esos dos a\u00f1os el problema est\u00e9 m\u00e1s agudizado, sabemos que hoy se est\u00e1n generando muchos hechos de irregularidades y la Intendencia no act\u00faa, ni hacia aquellos que est\u00e1n generando este caos, no act\u00faa hacia la gran cantidad de familias que necesitan resolver el tema de su vivienda. Para nosotros es una desaz\u00f3n muy grande, ojal\u00e1 se revierta esa decisi\u00f3n, no puede ser que porque estemos en a\u00f1o electoral no podamos tratar con madurez los temas, o por lo menos avanzar\u201d indic\u00f3.<\/p>\n<p>\u201cNo podemos pasar la raya a un tema que durante a\u00f1os dijimos que \u00edbamos a trabajar. Esta Junta form\u00f3 una Comisi\u00f3n especial para trabajar en ese tema porque es de enorme sensibilidad social, adem\u00e1s de los aspectos urban\u00edsticos que trataron los t\u00e9cnicos, pero ha quedado postergado de todas<\/p>\n<p>formas\u201d finaliz\u00f3 diciendo.<\/p>\n","protected":false},"excerpt":{"rendered":"<p>El edil Pablo Revello del Frente Amplio lament\u00f3 que desde el Ejecutivo se haya postergado el tratamiento del Plan Local para la ciudad, una propuesta que ven\u00eda siendo atendida desde hace tres a\u00f1os y que de esta forma queda sin definir.<\/p>\n","protected":false},"author":4,"featured_media":3619,"comment_status":"closed","ping_status":"closed","sticky":false,"template":"","format":"standard","meta":{"footnotes":""},"categories":[5],"tags":[],"class_list":["post-3618","post","type-post","status-publish","format-standard","has-post-thumbnail","hentry","category-durazno"],"_links":{"self":[{"href":"https:\/\/paginacero.com.uy\/index.php?rest_route=\/wp\/v2\/posts\/3618","targetHints":{"allow":["GET"]}}],"collection":[{"href":"https:\/\/paginacero.com.uy\/index.php?rest_route=\/wp\/v2\/posts"}],"about":[{"href":"https:\/\/paginacero.com.uy\/index.php?rest_route=\/wp\/v2\/types\/post"}],"author":[{"embeddable":true,"href":"https:\/\/paginacero.com.uy\/index.php?rest_route=\/wp\/v2\/users\/4"}],"replies":[{"embeddable":true,"href":"https:\/\/paginacero.com.uy\/index.php?rest_route=%2Fwp%2Fv2%2Fcomments&post=3618"}],"version-history":[{"count":1,"href":"https:\/\/paginacero.com.uy\/index.php?rest_route=\/wp\/v2\/posts\/3618\/revisions"}],"predecessor-version":[{"id":3620,"href":"https:\/\/paginacero.com.uy\/index.php?rest_route=\/wp\/v2\/posts\/3618\/revisions\/3620"}],"wp:featuredmedia":[{"embeddable":true,"href":"https:\/\/paginacero.com.uy\/index.php?rest_route=\/wp\/v2\/media\/3619"}],"wp:attachment":[{"href":"https:\/\/paginacero.com.uy\/index.php?rest_route=%2Fwp%2Fv2%2Fmedia&parent=3618"}],"wp:term":[{"taxonomy":"category","embeddable":true,"href":"https:\/\/paginacero.com.uy\/index.php?rest_route=%2Fwp%2Fv2%2Fcategories&post=3618"},{"taxonomy":"post_tag","embeddable":true,"href":"https:\/\/paginacero.com.uy\/index.php?rest_route=%2Fwp%2Fv2%2Ftags&post=3618"}],"curies":[{"name":"wp","href":"https:\/\/api.w.org\/{rel}","templated":true}]}}