{"id":3615,"date":"2024-03-12T11:51:04","date_gmt":"2024-03-12T14:51:04","guid":{"rendered":"https:\/\/paginacero.com.uy\/?p=3615"},"modified":"2024-03-12T11:51:04","modified_gmt":"2024-03-12T14:51:04","slug":"camiones-de-gran-porte-que-transitan-en-la-ciudad-deben-ser-controlados","status":"publish","type":"post","link":"https:\/\/paginacero.com.uy\/?p=3615","title":{"rendered":"\u201cCamiones de gran porte que transitan en la ciudad deben ser controlados\u201d"},"content":{"rendered":"<p><strong>El edil Pablo Acosta de Cabildo Abierto hizo una presentaci\u00f3n donde destac\u00f3 algunas situaciones de inseguridad en el tr\u00e1nsito, tanto para peatones como para la circulaci\u00f3n de autom\u00f3viles, en los barrios y en el centro de la ciudad.<\/strong><!--more--><\/p>\n<p>En primer lugar habl\u00f3 de la necesidad de los vecinos de La Amarilla de contar con una garita para esperar el \u00f3mnibus, algo que ha sido prometido en varias oportunidades pero no se ha cumplido.<\/p>\n<p>\u201cEn mi \u00faltima alocuci\u00f3n en la Junta antes del receso, dije en un tono muy amigable que la comuna, el Ejecutivo se pusiera la mano en el coraz\u00f3n de alguna manera y cumpliera con ciertos pedidos que desde esta banca se hicieron\u201d dijo.<\/p>\n<p>\u201cPeque\u00f1as cosas, como una simple garita, lo voy a reiterar una y mil veces, en el barrio La Amarilla, un barrio con mucha gente que muchas veces no tiene un medio de locomoci\u00f3n que tiene que esperar el \u00f3mnibus con lluvia, con sol, y no puede guarecerse en ning\u00fan lado. Esta garita la hab\u00eda pedido para la esquina de Capurro y Bautista de Le\u00f3n, lo ped\u00ed en el 2021, lo habl\u00e9 m\u00e1s de una vez con el Director de Obras Mat\u00edas Cabrera, el cual me asegur\u00f3 que si lo iba a hacer, iba a tener en cuenta el pedido. No voy a usar la palabra que tendr\u00eda que usar, pero no me gusta que me digan cosas que no son, m\u00e1s de una vez me dijo que ya estaba programado hacerla, me lo dijo m\u00e1s de una vez\u201d agreg\u00f3.<\/p>\n<p>Reiter\u00f3 que en varias oportunidades hab\u00eda presentado este tema, que se le hab\u00eda anunciado que estaba proyectada y pr\u00f3xima a instalar, cosa que hasta ahora no se ha realizado.<\/p>\n<p>\u201cEn el mes de setiembre del a\u00f1o pasado lo reiter\u00e9, me mand\u00f3 a decir por el edil Kuster que s\u00ed, que estaba y hasta el d\u00eda de hoy esa gente sigue esperando. Espero que se acuerde que vienen fechas electorales y que esa gente est\u00e1 necesitando, no sea cosa que el \u00faltimo mes antes de las elecciones la instale\u201d indic\u00f3.<\/p>\n<p>Tambi\u00e9n reiter\u00f3 un pedido hecho el a\u00f1o pasado, con referencia a una senda peatonal para brindar mayor seguridad a vecinos de calle Zelmar Michellini.<\/p>\n<p>\u201cOtra cosa que ped\u00ed fue una senda peatonal para Zelmar Michellini, entre Juan D\u00edaz y Ra\u00fal Santini. No es capricho esto que estoy pidiendo, sino que lo veo todos los d\u00edas, personas que transitan por ese lugar a pie, corriendo el riesgo de ser atropellados por un auto o una moto, ya que ah\u00ed se transita muchas veces a alta velocidad. En esa zona tambi\u00e9n estar\u00eda bueno hacer una limpieza ya que hablamos de seguridad, porque ahora que es \u00e9poca que empiezan los chiquilines a ir a la escuela, al liceo, transitan a pie y si usted pasa por all\u00ed ve los arbustos alt\u00edsimos, lo que hace que tengan que transitar por la calle\u201d dijo.<\/p>\n<p>Agreg\u00f3 que la seguridad en el tr\u00e1nsito tambi\u00e9n est\u00e1 referida a la circulaci\u00f3n de camiones de alto porte en el centro de la ciudad, muchas veces realizado actividades de carga y descarga de diferentes materiales, produciendo en algunos horarios intranquilidad en quienes est\u00e1n circulando en veh\u00edculos o motos.<\/p>\n<p>\u201cTambi\u00e9n tratando el tema de seguridad en el tr\u00e1nsito, estar\u00eda bueno que el Ejecutivo hiciera algo con el tema de los camiones de alto porte, dentro de la ciudad, haciendo carga y descarga de elementos, en la ma\u00f1ana, en la tarde, entorpeciendo el tr\u00e1nsito y provocando muchas veces no accidentes, pero si van a ocurrir. Uno de los lugares es Artigas y 25 de Agosto\u201d agreg\u00f3.<\/p>\n<p>Felicit\u00f3 a las mujeres por su lucha ante la celebraci\u00f3n de un nuevo D\u00eda Internacional de la Mujer \u201cpor \u00faltimo quisiera felicitar a todas las mujeres por su lucha, lo \u00fanico que le pedir\u00eda ser\u00eda que no politizaran un tema tan delicado como es la lucha para mejorar el d\u00eda a d\u00eda de las mujeres.<\/p>\n","protected":false},"excerpt":{"rendered":"<p>El edil Pablo Acosta de Cabildo Abierto hizo una presentaci\u00f3n donde destac\u00f3 algunas situaciones de inseguridad en el tr\u00e1nsito, tanto para peatones como para la circulaci\u00f3n de autom\u00f3viles, en los barrios y en el centro de la ciudad.<\/p>\n","protected":false},"author":4,"featured_media":3616,"comment_status":"closed","ping_status":"closed","sticky":false,"template":"","format":"standard","meta":{"footnotes":""},"categories":[5],"tags":[],"class_list":["post-3615","post","type-post","status-publish","format-standard","has-post-thumbnail","hentry","category-durazno"],"_links":{"self":[{"href":"https:\/\/paginacero.com.uy\/index.php?rest_route=\/wp\/v2\/posts\/3615","targetHints":{"allow":["GET"]}}],"collection":[{"href":"https:\/\/paginacero.com.uy\/index.php?rest_route=\/wp\/v2\/posts"}],"about":[{"href":"https:\/\/paginacero.com.uy\/index.php?rest_route=\/wp\/v2\/types\/post"}],"author":[{"embeddable":true,"href":"https:\/\/paginacero.com.uy\/index.php?rest_route=\/wp\/v2\/users\/4"}],"replies":[{"embeddable":true,"href":"https:\/\/paginacero.com.uy\/index.php?rest_route=%2Fwp%2Fv2%2Fcomments&post=3615"}],"version-history":[{"count":1,"href":"https:\/\/paginacero.com.uy\/index.php?rest_route=\/wp\/v2\/posts\/3615\/revisions"}],"predecessor-version":[{"id":3617,"href":"https:\/\/paginacero.com.uy\/index.php?rest_route=\/wp\/v2\/posts\/3615\/revisions\/3617"}],"wp:featuredmedia":[{"embeddable":true,"href":"https:\/\/paginacero.com.uy\/index.php?rest_route=\/wp\/v2\/media\/3616"}],"wp:attachment":[{"href":"https:\/\/paginacero.com.uy\/index.php?rest_route=%2Fwp%2Fv2%2Fmedia&parent=3615"}],"wp:term":[{"taxonomy":"category","embeddable":true,"href":"https:\/\/paginacero.com.uy\/index.php?rest_route=%2Fwp%2Fv2%2Fcategories&post=3615"},{"taxonomy":"post_tag","embeddable":true,"href":"https:\/\/paginacero.com.uy\/index.php?rest_route=%2Fwp%2Fv2%2Ftags&post=3615"}],"curies":[{"name":"wp","href":"https:\/\/api.w.org\/{rel}","templated":true}]}}