{"id":3612,"date":"2024-03-12T11:49:15","date_gmt":"2024-03-12T14:49:15","guid":{"rendered":"https:\/\/paginacero.com.uy\/?p=3612"},"modified":"2024-03-12T11:49:15","modified_gmt":"2024-03-12T14:49:15","slug":"fin-de-semana-historico-referentes-internacionales-estuvieron-en-ciudad-del-carmen","status":"publish","type":"post","link":"https:\/\/paginacero.com.uy\/?p=3612","title":{"rendered":"Fin de semana hist\u00f3rico: referentes internacionales estuvieron en ciudad del Carmen"},"content":{"rendered":"<p><strong>\u201cLa alegr\u00eda de recibir en nuestra casa de gobierno a los historiadores Peter Burke y Mar\u00eda Luc\u00eda Garc\u00eda Pallares, historiadora con ra\u00edces carmenses y maestra de campo. A esta ilustre delegaci\u00f3n que es la que nos permite a nosotros contar con este d\u00fao de historiadores. Mar\u00eda Luc\u00eda viene a visitar sus ra\u00edces, que lindo es eso que a pesar de ser reconocidos a nivel mundial vuelva a sus or\u00edgenes. Los Garc\u00eda y Pallares son familias que tienen su trayectoria y reconocimiento en nuestro departamento, son muy queridas en nuestra zona\u201d dijo el Intendente Vidal\u00edn recibiendo a la delegaci\u00f3n.<\/strong><!--more--><\/p>\n<p>Los historiadores llegaron en el marco de la gira \u201cBurke en Uruguay: Una semana para la Historia de la Cultura\u201d y estuvieron en la ciudad del Carmen haciendo una recorrida por diferentes lugares.<\/p>\n<p>\u201cPara m\u00ed es una gran emoci\u00f3n desde que llegu\u00e9 a este pa\u00eds, tantas cosas han pasado, me nombraron visitante ilustre de Montevideo, encontr\u00e9 personas tan amables, sol\u00edcitas, maravillosas, como los profesores que nos acompa\u00f1an hoy. Fue una sorpresa inesperada encontrar documentos de mis ra\u00edces, porque mi padre naci\u00f3 en el pueblo del Carmen, se mud\u00f3 a Montevideo con ocho a\u00f1os cuando su madre falleci\u00f3, de all\u00ed se fue a Brasil y pas\u00f3 gran parte de su vida en ese pa\u00eds, aunque siempre sinti\u00e9ndose uruguayo de coraz\u00f3n. Ten\u00eda ese amor por un pa\u00eds democr\u00e1tico, igualitario, republicano, all\u00e1 en Brasil vivi\u00f3 muchas situaciones de inequidad, crec\u00ed con esa imagen, quer\u00eda saber m\u00e1s sobre mis or\u00edgenes. Con ayuda de personas como las que est\u00e1n presentes ac\u00e1, me contact\u00e9 y encontr\u00e9 muchas cosas, inclusive la calle donde mi padre vivi\u00f3 en Montevideo, no la casa todav\u00eda, pero s\u00ed la calle. Mi padre siempre hablaba de los pl\u00e1tanos de Durazno, \u00e9l era muy chico pero era muy llamativo para \u00e9l y la calle donde vivi\u00f3 en Montevideo est\u00e1 llena de pl\u00e1tanos tambi\u00e9n. Es la calle Duvimioso Terra, fue una gran emoci\u00f3n, no tengo palabras para expresar mi gratitud por tanta bondad\u201d dijo la historiadora durante su presentaci\u00f3n en Durazno.<\/p>\n<p>Se trata de dos referentes de la academia historiogr\u00e1fica contempor\u00e1nea, profesores de la Universidad de Cambridge (UK), cuya producci\u00f3n ha signado los campos de la historia de la cultura y el conocimiento en las \u00faltimas tres d\u00e9cadas.<\/p>\n<p>La visita de ambos historiadores posiciona al pa\u00eds y en particular a su capital como sede cultural de un acontecimiento acad\u00e9mico de gran relevancia para la comunidad de investigadores que se interesan por las disciplinas de la Informaci\u00f3n, la Comunicaci\u00f3n y su v\u00ednculo con el conocimiento del pasado y la memoria social.<\/p>\n<p>Peter Burke brind\u00f3 dos conferencias magistrales: el martes 5 sobre el \u201cEstado actual del campo de la historia de la cultura\u201d en el Aula magna FIC (San Salvador y Jackson).<\/p>\n<p>el jueves 7, a las 18 h. \u201cHistoria del conocimiento y la ignorancia\u201d en el Aula magna FIC (San Salvador y Jackson). En ambos casos se trata de actividades abiertas a toda la comunidad, en espa\u00f1ol, gratuitas y que trascienden el objetivo de fortalecer l\u00edneas de investigaci\u00f3n hist\u00f3rica ya que invitan a pensar temas cruciales para la comprensi\u00f3n del presente.<\/p>\n<p>Mar\u00eda Luc\u00eda Garc\u00eda Pallares-Burke imparti\u00f3 el Seminario acad\u00e9mico \u201cGilberto Freyre y su impacto en la historia intelectual de Brasil y Am\u00e9rica Latina\u201d destinado a estudiantes que est\u00e9n cursando posgrados en el \u00e1rea social (Acredita como SPI) o investigadores interesados en la tem\u00e1tica.<\/p>\n<p>La posibilidad de contar con la presencia de estas dos destacadas figuras de la historiograf\u00eda se concret\u00f3 desde el Comit\u00e9 Acad\u00e9mico de la Especializaci\u00f3n y Maestr\u00eda \u201cPatrimonio documental: historia y gesti\u00f3n\u201d de la Unidad Acad\u00e9mica asociada entre la Facultad de Informaci\u00f3n y Comunicaci\u00f3n y el Archivo General de la Universidad de la Rep\u00fablica. Cuenta con el apoyo de la Facultad de Humanidades y Ciencias de la Educaci\u00f3n, la Facultad de Artes, los posgrados de maestr\u00eda y doctorado que se desarrollan en el marco del \u00c1rea Social, la Comisi\u00f3n Sectorial de Investigaci\u00f3n Cient\u00edfica (CSIC) de la Udelar y el Servicio de Relaciones Internacionales de la Udelar.<\/p>\n<p>\u201cAgradecer a los que han hecho posible que tan destacados profesores pudieran estar ac\u00e1 con nosotros\u201d dijo M\u00f3nica Marona, colega historiadora que concurri\u00f3 con Mar\u00eda In\u00e9s Moraes, presidenta de la Asociaci\u00f3n Uruguaya de Historiadores, entre otros referentes de la Udelar.<\/p>\n<p>\u201cLa gira termin\u00f3 en ciudad de Carmen y tenemos que agradecer la recepci\u00f3n que nos dieron, el gran<\/p>\n<p>apoyo que nos dio el historiador Oscar Padr\u00f3n Favre. En nombre de la Asociaci\u00f3n Uruguaya de Historiadores, celebrar la experiencia compartida entre Gran Breta\u00f1a y Durazno, a trav\u00e9s del tiempo y el espacio, por m\u00e1s cultura en nuestro pa\u00eds, por m\u00e1s cultura en el interior, seguiremos buscando eso\u201d dijo la presidenta de la Asociaci\u00f3n.<\/p>\n<p>En 2015, un grupo de historiadores e historiadoras procedentes de diferentes \u00e1mbitos institucionales conformaron la Asociaci\u00f3n Uruguaya de Historiadores. Este proyecto surgi\u00f3 de la firme convicci\u00f3n de que dicha asociaci\u00f3n constituye un \u00e1mbito tanto de legitimaci\u00f3n de la actividad profesional, como de reuni\u00f3n e intercambio de ideas entre personas e instituciones dedicadas a la investigaci\u00f3n hist\u00f3rica.<\/p>\n<p>Dos de los principales objetivos de AUDHI son contribuir a la promoci\u00f3n del papel profesional del historiador en instituciones en las que se desarrollan actividades vinculadas a la disciplina hist\u00f3rica y promover y difundir la investigaci\u00f3n en Historia, en toda su diversidad de enfoques y temas de estudio. Tambi\u00e9n se propone fortalecer la ense\u00f1anza de la Historia en todos sus niveles, as\u00ed como a estimular el inter\u00e9s p\u00fablico respecto a la conservaci\u00f3n del patrimonio hist\u00f3rico y a la organizaci\u00f3n de bibliotecas, archivos y museos.<\/p>\n<p>AUDHI procura la inserci\u00f3n en redes acad\u00e9micas y profesionales a nivel internacional, para lo cual se encuentra afiliada como comit\u00e9 uruguayo al Comit\u00e9 Internacional de Ciencias Hist\u00f3ricas (CISH).<\/p>\n","protected":false},"excerpt":{"rendered":"<p>\u201cLa alegr\u00eda de recibir en nuestra casa de gobierno a los historiadores Peter Burke y Mar\u00eda Luc\u00eda Garc\u00eda Pallares, historiadora con ra\u00edces carmenses y maestra de campo. A esta ilustre delegaci\u00f3n que es la que nos permite a nosotros contar con este d\u00fao de historiadores. Mar\u00eda Luc\u00eda viene a visitar sus ra\u00edces, que lindo es [&hellip;]<\/p>\n","protected":false},"author":4,"featured_media":3613,"comment_status":"closed","ping_status":"closed","sticky":false,"template":"","format":"standard","meta":{"footnotes":""},"categories":[5],"tags":[],"class_list":["post-3612","post","type-post","status-publish","format-standard","has-post-thumbnail","hentry","category-durazno"],"_links":{"self":[{"href":"https:\/\/paginacero.com.uy\/index.php?rest_route=\/wp\/v2\/posts\/3612","targetHints":{"allow":["GET"]}}],"collection":[{"href":"https:\/\/paginacero.com.uy\/index.php?rest_route=\/wp\/v2\/posts"}],"about":[{"href":"https:\/\/paginacero.com.uy\/index.php?rest_route=\/wp\/v2\/types\/post"}],"author":[{"embeddable":true,"href":"https:\/\/paginacero.com.uy\/index.php?rest_route=\/wp\/v2\/users\/4"}],"replies":[{"embeddable":true,"href":"https:\/\/paginacero.com.uy\/index.php?rest_route=%2Fwp%2Fv2%2Fcomments&post=3612"}],"version-history":[{"count":1,"href":"https:\/\/paginacero.com.uy\/index.php?rest_route=\/wp\/v2\/posts\/3612\/revisions"}],"predecessor-version":[{"id":3614,"href":"https:\/\/paginacero.com.uy\/index.php?rest_route=\/wp\/v2\/posts\/3612\/revisions\/3614"}],"wp:featuredmedia":[{"embeddable":true,"href":"https:\/\/paginacero.com.uy\/index.php?rest_route=\/wp\/v2\/media\/3613"}],"wp:attachment":[{"href":"https:\/\/paginacero.com.uy\/index.php?rest_route=%2Fwp%2Fv2%2Fmedia&parent=3612"}],"wp:term":[{"taxonomy":"category","embeddable":true,"href":"https:\/\/paginacero.com.uy\/index.php?rest_route=%2Fwp%2Fv2%2Fcategories&post=3612"},{"taxonomy":"post_tag","embeddable":true,"href":"https:\/\/paginacero.com.uy\/index.php?rest_route=%2Fwp%2Fv2%2Ftags&post=3612"}],"curies":[{"name":"wp","href":"https:\/\/api.w.org\/{rel}","templated":true}]}}