{"id":3606,"date":"2024-03-11T11:54:45","date_gmt":"2024-03-11T14:54:45","guid":{"rendered":"https:\/\/paginacero.com.uy\/?p=3606"},"modified":"2024-03-11T11:54:45","modified_gmt":"2024-03-11T14:54:45","slug":"la-gran-esperzana-en-la-sabia-nueva","status":"publish","type":"post","link":"https:\/\/paginacero.com.uy\/?p=3606","title":{"rendered":"LA GRAN ESPERZANA EN LA SABIA NUEVA"},"content":{"rendered":"<p><strong>\u201cLa educaci\u00f3n en la recta conducta fortalece el esp\u00edritu\u201d Horacio<\/strong><!--more--><\/p>\n<p>Por Sa\u00fal Mois\u00e9s Pi\u00f1a<\/p>\n<p>Ha comenzado un nuevo a\u00f1o en el sistema educativo nacional, que en el ciclo escolar es una especie de renacimiento de una esperanza, pero adem\u00e1s la reafirmaci\u00f3n de un principio. La esperanza se renueva casi de manera natural y l\u00f3gica, en el pecho de los padres, abuelos y tios de aqu\u00e9llos ni\u00f1os que en este a\u00f1o vestir\u00e1n por primera vez la t\u00fanica blanca, iniciando el camino de la educaci\u00f3n, que tiene como principio b\u00e1sico, lograr las herramientas para transitar el complejo camino de la aventura de la vida. El principio es que reafirma el privilegio del Uruguay al reabrir las puertas de las escuelas en todo el territorio, sobre todo en zonas rurales muy apartadas de los centros poblados, donde los Maestros son verdadero ejemplo de esta sabia vocaci\u00f3n y de la importancia que tiene el arte de ense\u00f1ar. Es por eso que resulta oportuno detener nuestra atenci\u00f3n. Porque ese principio concretado en los pilares b\u00e1sicos de una ense\u00f1anza gratuita y obligatoria con un valioso contenido laico, no es otro que el de la libertad y los c\u00f3digos de convivencia de una sociedad democr\u00e1tica, lo que nunca hay que darlo por tan sabido como para dejar de reflexionar su responsabilidad, fundamentos y sobre sus alcances. .<\/p>\n<p>El objetivo fundamental del sistema educativo en este pa\u00eds con la educaci\u00f3n gratuita y obligatoria, es que no haya ni\u00f1os que no reciban instrucci\u00f3n suficiente para el desaf\u00edo del futuro, tratando de igualar las posibilidades iniciales en la lucha material y moral de la existencia.<\/p>\n<p>El sistema educativo desde el fondo de nuestra historia, que fue programado por aut\u00e9nticos docentes y con la esencia de Artigas, es formar el esp\u00edritu activo, pensante, creador en cada uno de los educandos, de forma que la personalidad de cada cual, sean el fruto espont\u00e1neo de una creciente capacidad de autoeducaci\u00f3n, en vez de regimentarse, para pensar todos igual y sentir todos de la misma forma. El prop\u00f3sito es de igualar las posibilidades iniciales de cada cual, por<\/p>\n<p>elegir o rechazar religiones y dogmas, con la capacidad de elegir o rechazar convicciones .Pero sobre todo, valorar el rico tesoro que nos legaron con extrema sabidur\u00eda nuestros ancestros, priorizando las ideas basadas en nuestra aut\u00e9ntica identidad nacional<\/p>\n<p>Esa concepci\u00f3n es una honra para el Uruguay ante el mundo. Durante d\u00e9cadas hemos recogido la distinci\u00f3n de severos juzgadores, por haber sabido hacer del aula un instrumento para la formaci\u00f3n igualitaria, no para la igualdad mec\u00e1nica, sino por el contrario para las desigualdades respetuosas.<\/p>\n<p>El inicio de un nuevo a\u00f1o en el sistema educativo llena de felicidad y esperanza a todos los uruguayos, y es oportuno destacar la inspiraci\u00f3n de aquellos grandes educadores como Jos\u00e9 Pedro Varela, valorando la libertad cr\u00edtica y creadora de los que hoy ingresan a la escuela, brindando nuestro esperanzado saludo al ma\u00f1ana, que seguramente tenga un escenario m\u00e1s fraterno y pleno de convivencia solidaria, donde la educaci\u00f3n ser\u00e1 la gran protagonista.<\/p>\n","protected":false},"excerpt":{"rendered":"<p>\u201cLa educaci\u00f3n en la recta conducta fortalece el esp\u00edritu\u201d Horacio<\/p>\n","protected":false},"author":4,"featured_media":3607,"comment_status":"closed","ping_status":"closed","sticky":false,"template":"","format":"standard","meta":{"footnotes":""},"categories":[5,15],"tags":[],"class_list":["post-3606","post","type-post","status-publish","format-standard","has-post-thumbnail","hentry","category-durazno","category-educacion"],"_links":{"self":[{"href":"https:\/\/paginacero.com.uy\/index.php?rest_route=\/wp\/v2\/posts\/3606","targetHints":{"allow":["GET"]}}],"collection":[{"href":"https:\/\/paginacero.com.uy\/index.php?rest_route=\/wp\/v2\/posts"}],"about":[{"href":"https:\/\/paginacero.com.uy\/index.php?rest_route=\/wp\/v2\/types\/post"}],"author":[{"embeddable":true,"href":"https:\/\/paginacero.com.uy\/index.php?rest_route=\/wp\/v2\/users\/4"}],"replies":[{"embeddable":true,"href":"https:\/\/paginacero.com.uy\/index.php?rest_route=%2Fwp%2Fv2%2Fcomments&post=3606"}],"version-history":[{"count":1,"href":"https:\/\/paginacero.com.uy\/index.php?rest_route=\/wp\/v2\/posts\/3606\/revisions"}],"predecessor-version":[{"id":3608,"href":"https:\/\/paginacero.com.uy\/index.php?rest_route=\/wp\/v2\/posts\/3606\/revisions\/3608"}],"wp:featuredmedia":[{"embeddable":true,"href":"https:\/\/paginacero.com.uy\/index.php?rest_route=\/wp\/v2\/media\/3607"}],"wp:attachment":[{"href":"https:\/\/paginacero.com.uy\/index.php?rest_route=%2Fwp%2Fv2%2Fmedia&parent=3606"}],"wp:term":[{"taxonomy":"category","embeddable":true,"href":"https:\/\/paginacero.com.uy\/index.php?rest_route=%2Fwp%2Fv2%2Fcategories&post=3606"},{"taxonomy":"post_tag","embeddable":true,"href":"https:\/\/paginacero.com.uy\/index.php?rest_route=%2Fwp%2Fv2%2Ftags&post=3606"}],"curies":[{"name":"wp","href":"https:\/\/api.w.org\/{rel}","templated":true}]}}