{"id":3603,"date":"2024-03-11T11:50:55","date_gmt":"2024-03-11T14:50:55","guid":{"rendered":"https:\/\/paginacero.com.uy\/?p=3603"},"modified":"2024-03-11T11:50:55","modified_gmt":"2024-03-11T14:50:55","slug":"peregrinacion-de-san-isidro-labrador-fue-declarada-de-interes-social-y-cultural","status":"publish","type":"post","link":"https:\/\/paginacero.com.uy\/?p=3603","title":{"rendered":"Peregrinaci\u00f3n de San Isidro Labrador fue declarada de inter\u00e9s social y cultural"},"content":{"rendered":"<p><strong>La Comunidad de San Isidro Labrador elev\u00f3 una solicitud mediante la cual solicitan la declaraci\u00f3n de inter\u00e9s departamental para el evento anual en honor a San Isidro Labrador. Dicha comunidad busca promover la uni\u00f3n del trabajo del campo con el trabajo de la ciudad, fortaleciendo los valores de familia como el respeto, agradecimiento, lealtad y trabajo.<\/strong><!--more--><\/p>\n<p>Cada a\u00f1o, el 15 de mayo, se celebra el d\u00eda de San Isidro Labrador, con una peregrinaci\u00f3n encabezada por el santo y un gran desfile de caballer\u00eda gaucha que recorre toda la zona de chacras. Durante la celebraci\u00f3n se realiza una misa al aire libre, seguida de un almuerzo criollo en familia y diversas actividades que fomentan la convivencia y la educaci\u00f3n en valores.<\/p>\n<p>Las investigaciones realizadas por la Comunidad de San Isidro Labrador, esta fiesta es considerada la m\u00e1s grande del pa\u00eds en honor a San Isidro, llegando a concentrar hasta 2000 personas, contiguo a la capilla se ha construido un sal\u00f3n familiar con el objetivo de que sea un punto de encuentro para las familias y se utilice con fines sociales, como la visita de un m\u00e9dico una vez al mes y la colaboraci\u00f3n con Zoonosis en castraciones, as\u00ed como para promover la educaci\u00f3n en valores entre los j\u00f3venes.<\/p>\n<p>El evento fue declarado de Inter\u00e9s Social y Cultural, teniendo en cuenta que este tipo de resoluci\u00f3n puede recaer sobre actividades o eventos de car\u00e1cter social y cultural. El Encargado de Turismo de la Intendencia Andr\u00e9s Viana reconoce la importancia de esta fiesta popular que re\u00fane a cientos de familias, no solo del departamento, sino tambi\u00e9n de otros puntos del pa\u00eds, fortaleciendo el arraigo y el sentido de pertenencia de la comunidad y destaca que este tipo de eventos, contribuyen al desarrollo tur\u00edstico del departamento, promoviendo la visita de personas interesadas en participar en la celebraci\u00f3n y conocer la cultura local.<\/p>\n<p>Para buscar el origen de esta festividad hay que retroceder hasta el a\u00f1o 1080, cuando se produce el nacimiento del protagonista. San Isidro fue un jornalero que naci\u00f3 en el seno de una familia humilde y al que se le atribuyen infinidad de milagros. Est\u00e1n basados en leyendas, eso s\u00ed, ya que ninguno ha sido confirmado hasta el momento. San Isidro, seg\u00fan se dec\u00eda, pod\u00eda encontrar agua en r\u00edos o pozos subterr\u00e1neos.<\/p>\n<p>La fama de San Isidro labrador creci\u00f3 de manera exponencial cuando muri\u00f3 en 1172, seg\u00fan la &#8216;Enciclopedia Biogr\u00e1fica en L\u00ednea Biograf\u00edas y Vidas&#8217;. Ya en el siglo XIII se le rogaba para que no lloviera durante la primavera. La devoci\u00f3n por \u00e9l no dejaba de crecer. Aun sin haber sido canonizado se le rezaba y se le sacaba en procesi\u00f3n.<\/p>\n<p>Seg\u00fan la tradici\u00f3n, San Isidro vino al mundo dentro de una familia humilde poco antes de la reconquista de Madrid, sin embargo, la tragedia golpe\u00f3 pronto la vida de este santo, porque qued\u00f3 hu\u00e9rfano. El joven se busc\u00f3 la vida hasta que finalmente fue contratado como labrador. La tradici\u00f3n habla de un hombre muy piadoso, que rezaba siempre antes de iniciar sus tareas.<\/p>\n<p>El rey de Marruecos, Al\u00ed, atac\u00f3 Madrid en 1110 y San Isidro se traslad\u00f3 a Torre Laguna, donde sigui\u00f3 trabajando y dedicando tiempo a la oraci\u00f3n. Fue en la parroquia de este pueblo donde contrajo matrimonio con una joven que se llamaba Mar\u00eda. El santo sigui\u00f3 trabajando las tierras que le hab\u00edan sido concedidas a Juan de Vargas por el rey Alfonso VI y sigui\u00f3 siendo labrador hasta su muerte en 1172.<\/p>\n<p>Son innumerables los milegros de San Isidro, en concreto unos 438, seg\u00fan el portal oficial de la Hermandad San Isidro Labrador. Uno de los m\u00e1s importantes es, por ejemplo, el del &#8216;Pozo de San Isidro&#8217;. Cuando su hijo cay\u00f3 en un pozo, y gracias a la oraci\u00f3n de San Isidro junto con su esposa Santa Maria de la Cabeza, el agua empez\u00f3 a subir hasta que el ni\u00f1o sali\u00f3 a la superficie.<\/p>\n<p>Otro es el de la &#8216;Misteriosa bolsa de granos&#8217;, donde, en un d\u00eda de nieve, San Isidro fue al molino con un saco de grano para dar edad comer al ganado. All\u00ed, se dio cuenta de que los p\u00e1jaros no pod\u00edan comer a causa de la nieve, por lo que les tir\u00f3 el grano de la bolsa que portaba. Cuando lleg\u00f3 al molino, se encontr\u00f3 con el milagro: el saco de grano estaba lleno otra vez.<\/p>\n<p>San Isidro muri\u00f3 en 1172 y fue enterrado junto a la Iglesia de San Andr\u00e9s de Madrid. D\u00e9cadas m\u00e1s tarde, su cuerpo fue exhumado, pero sorprendentemente el cuerpo estaba intacto. Sus restos residen en el altar mayor de la Colegiata de San Isidro, templo situado en el casco hist\u00f3rico de la ciudad.<\/p>\n","protected":false},"excerpt":{"rendered":"<p>La Comunidad de San Isidro Labrador elev\u00f3 una solicitud mediante la cual solicitan la declaraci\u00f3n de inter\u00e9s departamental para el evento anual en honor a San Isidro Labrador. Dicha comunidad busca promover la uni\u00f3n del trabajo del campo con el trabajo de la ciudad, fortaleciendo los valores de familia como el respeto, agradecimiento, lealtad y [&hellip;]<\/p>\n","protected":false},"author":4,"featured_media":3604,"comment_status":"closed","ping_status":"closed","sticky":false,"template":"","format":"standard","meta":{"footnotes":""},"categories":[5],"tags":[],"class_list":["post-3603","post","type-post","status-publish","format-standard","has-post-thumbnail","hentry","category-durazno"],"_links":{"self":[{"href":"https:\/\/paginacero.com.uy\/index.php?rest_route=\/wp\/v2\/posts\/3603","targetHints":{"allow":["GET"]}}],"collection":[{"href":"https:\/\/paginacero.com.uy\/index.php?rest_route=\/wp\/v2\/posts"}],"about":[{"href":"https:\/\/paginacero.com.uy\/index.php?rest_route=\/wp\/v2\/types\/post"}],"author":[{"embeddable":true,"href":"https:\/\/paginacero.com.uy\/index.php?rest_route=\/wp\/v2\/users\/4"}],"replies":[{"embeddable":true,"href":"https:\/\/paginacero.com.uy\/index.php?rest_route=%2Fwp%2Fv2%2Fcomments&post=3603"}],"version-history":[{"count":1,"href":"https:\/\/paginacero.com.uy\/index.php?rest_route=\/wp\/v2\/posts\/3603\/revisions"}],"predecessor-version":[{"id":3605,"href":"https:\/\/paginacero.com.uy\/index.php?rest_route=\/wp\/v2\/posts\/3603\/revisions\/3605"}],"wp:featuredmedia":[{"embeddable":true,"href":"https:\/\/paginacero.com.uy\/index.php?rest_route=\/wp\/v2\/media\/3604"}],"wp:attachment":[{"href":"https:\/\/paginacero.com.uy\/index.php?rest_route=%2Fwp%2Fv2%2Fmedia&parent=3603"}],"wp:term":[{"taxonomy":"category","embeddable":true,"href":"https:\/\/paginacero.com.uy\/index.php?rest_route=%2Fwp%2Fv2%2Fcategories&post=3603"},{"taxonomy":"post_tag","embeddable":true,"href":"https:\/\/paginacero.com.uy\/index.php?rest_route=%2Fwp%2Fv2%2Ftags&post=3603"}],"curies":[{"name":"wp","href":"https:\/\/api.w.org\/{rel}","templated":true}]}}