{"id":3597,"date":"2024-03-11T11:48:00","date_gmt":"2024-03-11T14:48:00","guid":{"rendered":"https:\/\/paginacero.com.uy\/?p=3597"},"modified":"2024-03-11T11:48:00","modified_gmt":"2024-03-11T14:48:00","slug":"consorcio-via-ferrea-no-esta-manteniendo-los-tramos-comprometidos","status":"publish","type":"post","link":"https:\/\/paginacero.com.uy\/?p=3597","title":{"rendered":"\u201cConsorcio V\u00eda F\u00e9rrea no est\u00e1 manteniendo los tramos comprometidos\u201d"},"content":{"rendered":"<p><strong>La edila Virginia Vi\u00f1oly present\u00f3 la inquietud de vecinos y productores por la falta de mantenimiento de la v\u00eda f\u00e9rrea y tambi\u00e9n de caminos vecinales, donde proliferan las malezas.<\/strong><!--more--><\/p>\n<p>\u201cMe voy a referir a un tema que es el de las malezas y abrojales al costado de las v\u00edas f\u00e9rreas. Ah\u00ed vemos en im\u00e1genes el estado en que est\u00e1 la estaci\u00f3n de Durazno. Estuvimos recorriendo todo el pasaje de la v\u00eda f\u00e9rrea por nuestra ciudad y es realmente mucha la maleza que hay all\u00ed. No se hace mantenimiento de las mismas, conversando con los vecinos nos dec\u00edan que es una reproducci\u00f3n de perros, gatos y ratas. Consorcio V\u00eda Central que fue quien firm\u00f3 con el Estado el 21 de octubre de 2019, que se comprometi\u00f3 a construir, financiar y mantener el tramo de v\u00eda f\u00e9rrea entre Montevideo y Tacuaremb\u00f3, en un total de 273 kil\u00f3metros, lo mismo que solicitamos es que se haga el mantenimiento de todo el trayecto de v\u00eda f\u00e9rrea dentro de la ciudad. Pido que mis palabras pasen a Consorcio V\u00eda F\u00e9rrea y a AFE\u201d dijo.<\/p>\n<p>Seg\u00fan el contrato, las empresas uruguayas Saceem y Berkes, la espa\u00f1ola Sacyr y la francesa NGE integran la sociedad Grupo V\u00eda Central (GVC) que est\u00e1 a cargo de la obra del Ferrocarril Central para el Ministerio de Transporte y Obras P\u00fablicas (MTOP). Rehabilitar\u00e1 273 KM de la v\u00eda f\u00e9rrea que une la ciudad de Paso de los Toros (Tacuaremb\u00f3) con el puerto de Montevideo, para el transporte de cargas y pasajeros, de forma m\u00e1s r\u00e1pida, segura y econ\u00f3mica.<\/p>\n<p>Tambi\u00e9n se procedi\u00f3 al retiro de la v\u00eda para traslado y acopio del administrador del Estado (MTOP \u2013 AFE), y su eventual utilizaci\u00f3n como nuevas v\u00edas o reparaci\u00f3n de las da\u00f1adas. Grupo V\u00eda Central es el responsable del financiamiento, dise\u00f1o, rehabilitaci\u00f3n y mantenimiento durante un plazo de 18 a\u00f1os del proyecto.<\/p>\n<p>La construcci\u00f3n de la nueva v\u00eda f\u00e9rrea emplear\u00e1 la \u00faltima tecnolog\u00eda como rieles soldados, protecciones antirruido y antivibraci\u00f3n. Adem\u00e1s, permitir\u00e1 al ferrocarril reducir sus tiempos de viaje en un 50%, y aumentar la capacidad de carga de la infraestructura, pasando de 18 a 22 toneladas por eje. La obra genera empleos directos e indirectos (vinculadas al comercio y servicios) en las distintas localidades y ciudades, las que se han visto impactadas positivamente por el desarrollo de esta nueva infraestructura.<\/p>\n<p>GVC llevar\u00e1 a cabo el mantenimiento de la infraestructura durante 15 a\u00f1os, a partir de la finalizaci\u00f3n de las obras y el comienzo de la Operaci\u00f3n, mediante la empresa creada al efecto, formada por las empresas socias, y sus divisiones especializadas en este tipo de labores.<\/p>\n<p>\u201cEn otro orden y a pedido de productores preocupados, es el tema de los abrojales que est\u00e1n en las rutas y caminos vecinales, estos productores piden que se hagan controles del mismo porque es maleza declarada plaga. Pido que mis palabras pasen al Ministerio de Ganader\u00eda, Agricultura y Pesca\u201d finaliz\u00f3.<\/p>\n<p>Seg\u00fan el Decreto vigente, se declar\u00f3 obligatoria la destrucci\u00f3n del \u00abAbrojo Grande\u00bb (Xantium Cavanillessi Schouw) y del \u00abAbrojo Chico\u00bb \u00abCepa Caballo\u00bb (Xantium Spinosum L.) en todo el territorio nacional. Las Direcciones de Sanidad Vegetal y de Agronom\u00edas Regionales de la Direcci\u00f3n General de Servicios Agron\u00f3micos tomar\u00e1n a su cargo la direcci\u00f3n de la lucha, a cuyos efectos se les comete, de acuerdo a sus campos respectivos de responsabilidades a organizar y luchar contra ambas plagas en todo el territorio nacional, divulgar lo m\u00e9todos de lucha modernos, instruir, orientar y asesorar a los funcionarios que act\u00faen en la lucha de las mencionadas plagas.<\/p>\n<p>La faz t\u00e9cnica de la lucha contra el abrojo grande y cepa caballo estar\u00e1 a cargo de la Direcci\u00f3n de Sanidad Vegetal, que respaldar\u00e1 a los Servicios Agron\u00f3micos Regionales en todos los cometidos que entienda pertinente. El Ministerio de Agricultura y Pesca podr\u00e1 designar Comisiones Honorarias de Zona, integradas por funcionarios propios o por particulares, cuya colaboraci\u00f3n se estime beneficiosa, a fin de que cooperen en la lucha contra las plagas a que se refiere el presente decreto, en las jurisdicciones zonales que se determinen al construirlas.<\/p>\n<p>Quedan obligados los ocupantes de los predios, a cualquier t\u00edtulo, y los propietarios de aquellos que no se hallan ocupados, a destruir, en los mismos, por cualquier medio, el Abrojo Grande y el Abrojo Chico o Cepa Caballo, antes del 31 de enero de cada a\u00f1o, as\u00ed como tambi\u00e9n los ejemplares de<\/p>\n<p>dichas malezas que crezcan en los caminos y calles linderas, correspondi\u00e9ndoles la erradicaci\u00f3n de los mismos hasta la mitad del camino o calle frentista a sus predios, incluso la cuarta parte de la bocacalle cuando los predios formen esquinas.<\/p>\n<p>Al Ministerio de Transporte y Obras P\u00fablicas corresponde erradicar por cualquier medio, el Abrojo Grande y el Abrojo Chico o Cepa Caballo, que se encuentre en los pasos de los arroyos de su jurisdicci\u00f3n. La misma obligaci\u00f3n le corresponde a la Administraci\u00f3n de los Ferrocarriles del Estado (AFE), por las malezas antes mencionadas que crezcan en los terrenos ocupados por las v\u00edas f\u00e9rreas y sus adyacencias. Ser\u00e1 tambi\u00e9n obligaci\u00f3n de la autoridad competente proceder, de igual forma, en los predios de uso p\u00fablico del Estado y en las calles de las ciudades, pueblos o villas.<\/p>\n<p>Los Servicios Agron\u00f3micos Regionales que corresponda, acordar\u00e1n con los Municipios respectivos la forma de extirpar las malezas plagas que se mencionan en este decreto, en las calles y terrenos bald\u00edos de las plantas urbanas y suburbanas de la ciudad, villas o pueblos.<\/p>\n","protected":false},"excerpt":{"rendered":"<p>La edila Virginia Vi\u00f1oly present\u00f3 la inquietud de vecinos y productores por la falta de mantenimiento de la v\u00eda f\u00e9rrea y tambi\u00e9n de caminos vecinales, donde proliferan las malezas.<\/p>\n","protected":false},"author":4,"featured_media":3598,"comment_status":"closed","ping_status":"closed","sticky":false,"template":"","format":"standard","meta":{"footnotes":""},"categories":[5],"tags":[],"class_list":["post-3597","post","type-post","status-publish","format-standard","has-post-thumbnail","hentry","category-durazno"],"_links":{"self":[{"href":"https:\/\/paginacero.com.uy\/index.php?rest_route=\/wp\/v2\/posts\/3597","targetHints":{"allow":["GET"]}}],"collection":[{"href":"https:\/\/paginacero.com.uy\/index.php?rest_route=\/wp\/v2\/posts"}],"about":[{"href":"https:\/\/paginacero.com.uy\/index.php?rest_route=\/wp\/v2\/types\/post"}],"author":[{"embeddable":true,"href":"https:\/\/paginacero.com.uy\/index.php?rest_route=\/wp\/v2\/users\/4"}],"replies":[{"embeddable":true,"href":"https:\/\/paginacero.com.uy\/index.php?rest_route=%2Fwp%2Fv2%2Fcomments&post=3597"}],"version-history":[{"count":1,"href":"https:\/\/paginacero.com.uy\/index.php?rest_route=\/wp\/v2\/posts\/3597\/revisions"}],"predecessor-version":[{"id":3599,"href":"https:\/\/paginacero.com.uy\/index.php?rest_route=\/wp\/v2\/posts\/3597\/revisions\/3599"}],"wp:featuredmedia":[{"embeddable":true,"href":"https:\/\/paginacero.com.uy\/index.php?rest_route=\/wp\/v2\/media\/3598"}],"wp:attachment":[{"href":"https:\/\/paginacero.com.uy\/index.php?rest_route=%2Fwp%2Fv2%2Fmedia&parent=3597"}],"wp:term":[{"taxonomy":"category","embeddable":true,"href":"https:\/\/paginacero.com.uy\/index.php?rest_route=%2Fwp%2Fv2%2Fcategories&post=3597"},{"taxonomy":"post_tag","embeddable":true,"href":"https:\/\/paginacero.com.uy\/index.php?rest_route=%2Fwp%2Fv2%2Ftags&post=3597"}],"curies":[{"name":"wp","href":"https:\/\/api.w.org\/{rel}","templated":true}]}}