{"id":3591,"date":"2024-03-08T11:03:00","date_gmt":"2024-03-08T14:03:00","guid":{"rendered":"https:\/\/paginacero.com.uy\/?p=3591"},"modified":"2024-03-08T11:03:00","modified_gmt":"2024-03-08T14:03:00","slug":"la-camineria-rural-esta-en-un-estado-intransitable","status":"publish","type":"post","link":"https:\/\/paginacero.com.uy\/?p=3591","title":{"rendered":"\u201cLa caminer\u00eda rural est\u00e1 en un estado intransitable\u201d"},"content":{"rendered":"<p><strong>Julio D\u00edaz, edil del Partido Nacional, hizo referencia a la falta de mantenimiento de la caminer\u00eda rural y la situaci\u00f3n deplorable que presentan las rutas, haciendo la accesibilidad en ese \u00e1mbito imposible.<\/strong><!--more--><\/p>\n<p>\u201cHace mucho tiempo aqu\u00ed \u0301en esta Sala, la edil y compa\u00f1era de esta banca, Ercilia Aramburu, no solo como edil sino como vecina de la zona, inform\u00f3 sobre el mejoramiento de la caminer\u00eda rural. en ese momento, abril del 2022 la referencia que daba la se\u00f1ora residi\u00f3 al excelente trabajo, as\u00ed lo calific\u00f3, que realiz\u00f3 la Intendencia de Durazno, trabajos en Chileno en el camino que va de la Ruta 42 a la Ruta 19 pasando por la Escuela 37, en ese momento el trabajo fue excelente porque se utiliz\u00f3 ca\u00f1os de hormig\u00f3n por ejemplo para desag\u00fces a efectos de darle mayor vida \u00fatil al camino\u201d dijo.<\/p>\n<p>\u201cEntendamos, los que vivimos en la ciudad, que las comunicaciones en campa\u00f1a no pasan solo por internet, ni por la telefon\u00eda, pasa por transitar por los caminos, salir de los establecimientos, que puedan ir a hacer consultas m\u00e9dicas sin dificultades, que los ni\u00f1os y j\u00f3venes puedan acceder a sus centros de estudio. Volvemos a alentar a que la Intendencia atienda la caminer\u00eda rural toda, que desde 2022 no se hizo m\u00e1s nada y hoy ese tramo de ruta 42 a la 19 est\u00e1 intransitable. Confiamos en que se realicen esos trabajos, es el deseo m\u00e1s que nada, la necesidad de los vecinos\u201d agreg\u00f3.<\/p>\n<p>\u201cEn nombre de ellos solicitamos haga llegar estas palabras al Sr. Director de Obras y al Sr. Intendente\u201d finaliz\u00f3.<\/p>\n","protected":false},"excerpt":{"rendered":"<p>Julio D\u00edaz, edil del Partido Nacional, hizo referencia a la falta de mantenimiento de la caminer\u00eda rural y la situaci\u00f3n deplorable que presentan las rutas, haciendo la accesibilidad en ese \u00e1mbito imposible.<\/p>\n","protected":false},"author":4,"featured_media":3592,"comment_status":"closed","ping_status":"closed","sticky":false,"template":"","format":"standard","meta":{"footnotes":""},"categories":[5],"tags":[],"class_list":["post-3591","post","type-post","status-publish","format-standard","has-post-thumbnail","hentry","category-durazno"],"_links":{"self":[{"href":"https:\/\/paginacero.com.uy\/index.php?rest_route=\/wp\/v2\/posts\/3591","targetHints":{"allow":["GET"]}}],"collection":[{"href":"https:\/\/paginacero.com.uy\/index.php?rest_route=\/wp\/v2\/posts"}],"about":[{"href":"https:\/\/paginacero.com.uy\/index.php?rest_route=\/wp\/v2\/types\/post"}],"author":[{"embeddable":true,"href":"https:\/\/paginacero.com.uy\/index.php?rest_route=\/wp\/v2\/users\/4"}],"replies":[{"embeddable":true,"href":"https:\/\/paginacero.com.uy\/index.php?rest_route=%2Fwp%2Fv2%2Fcomments&post=3591"}],"version-history":[{"count":1,"href":"https:\/\/paginacero.com.uy\/index.php?rest_route=\/wp\/v2\/posts\/3591\/revisions"}],"predecessor-version":[{"id":3593,"href":"https:\/\/paginacero.com.uy\/index.php?rest_route=\/wp\/v2\/posts\/3591\/revisions\/3593"}],"wp:featuredmedia":[{"embeddable":true,"href":"https:\/\/paginacero.com.uy\/index.php?rest_route=\/wp\/v2\/media\/3592"}],"wp:attachment":[{"href":"https:\/\/paginacero.com.uy\/index.php?rest_route=%2Fwp%2Fv2%2Fmedia&parent=3591"}],"wp:term":[{"taxonomy":"category","embeddable":true,"href":"https:\/\/paginacero.com.uy\/index.php?rest_route=%2Fwp%2Fv2%2Fcategories&post=3591"},{"taxonomy":"post_tag","embeddable":true,"href":"https:\/\/paginacero.com.uy\/index.php?rest_route=%2Fwp%2Fv2%2Ftags&post=3591"}],"curies":[{"name":"wp","href":"https:\/\/api.w.org\/{rel}","templated":true}]}}