{"id":3588,"date":"2024-03-08T11:01:21","date_gmt":"2024-03-08T14:01:21","guid":{"rendered":"https:\/\/paginacero.com.uy\/?p=3588"},"modified":"2024-03-08T11:01:21","modified_gmt":"2024-03-08T14:01:21","slug":"vecinos-del-interior-piden-la-parada-de-ruta-5-y-morquio","status":"publish","type":"post","link":"https:\/\/paginacero.com.uy\/?p=3588","title":{"rendered":"\u201cVecinos del interior piden la parada de ruta 5 y Morquio\u201d"},"content":{"rendered":"<p><strong>El edil Santiago Icasuriaga del Partido Nacional hizo un planteo ante la Comisi\u00f3n de Tr\u00e1nsito que tambi\u00e9n fue extendido a la empresa Nossar, ante la preocupaci\u00f3n de vecinos por el retiro de esa parada cuando el \u00f3mnibus ingresa a la ciudad.<\/strong><!--more--><\/p>\n<p>\u201cMi planteamiento es por la gente del interior que viaja desde La Paloma, Blanquillo, San Jorge, Aguas Buenas, Sarand\u00ed del Y\u00ed, por la empresa Nossar. Esta empresa siempre tuvo una parada en la Ruta y Morquio, que justamente usan para ir al Hospital. De un tiempo a esta parte se quit\u00f3 esta parada y gente que se ha contactado conmigo me ha pedido que haga las gestiones ante la empresa Nossar para que se vuelva a poner la parada, aunque sea de venida, porque realmente les puede favorecer para acceder a un servicio importante como es un centro asistencial\u201d dijo.<\/p>\n<p>\u201cEs importante que vuelvan a tener la parada de calle Morquio cuando entra a la ciudad de Durazno y pido que estas palabras pasen a la directiva de la empresa Nossar y a la Comisi\u00f3n de Tr\u00e1nsito de la Junta\u201d finaliz\u00f3.<\/p>\n","protected":false},"excerpt":{"rendered":"<p>El edil Santiago Icasuriaga del Partido Nacional hizo un planteo ante la Comisi\u00f3n de Tr\u00e1nsito que tambi\u00e9n fue extendido a la empresa Nossar, ante la preocupaci\u00f3n de vecinos por el retiro de esa parada cuando el \u00f3mnibus ingresa a la ciudad.<\/p>\n","protected":false},"author":4,"featured_media":3589,"comment_status":"closed","ping_status":"closed","sticky":false,"template":"","format":"standard","meta":{"footnotes":""},"categories":[5],"tags":[],"class_list":["post-3588","post","type-post","status-publish","format-standard","has-post-thumbnail","hentry","category-durazno"],"_links":{"self":[{"href":"https:\/\/paginacero.com.uy\/index.php?rest_route=\/wp\/v2\/posts\/3588","targetHints":{"allow":["GET"]}}],"collection":[{"href":"https:\/\/paginacero.com.uy\/index.php?rest_route=\/wp\/v2\/posts"}],"about":[{"href":"https:\/\/paginacero.com.uy\/index.php?rest_route=\/wp\/v2\/types\/post"}],"author":[{"embeddable":true,"href":"https:\/\/paginacero.com.uy\/index.php?rest_route=\/wp\/v2\/users\/4"}],"replies":[{"embeddable":true,"href":"https:\/\/paginacero.com.uy\/index.php?rest_route=%2Fwp%2Fv2%2Fcomments&post=3588"}],"version-history":[{"count":1,"href":"https:\/\/paginacero.com.uy\/index.php?rest_route=\/wp\/v2\/posts\/3588\/revisions"}],"predecessor-version":[{"id":3590,"href":"https:\/\/paginacero.com.uy\/index.php?rest_route=\/wp\/v2\/posts\/3588\/revisions\/3590"}],"wp:featuredmedia":[{"embeddable":true,"href":"https:\/\/paginacero.com.uy\/index.php?rest_route=\/wp\/v2\/media\/3589"}],"wp:attachment":[{"href":"https:\/\/paginacero.com.uy\/index.php?rest_route=%2Fwp%2Fv2%2Fmedia&parent=3588"}],"wp:term":[{"taxonomy":"category","embeddable":true,"href":"https:\/\/paginacero.com.uy\/index.php?rest_route=%2Fwp%2Fv2%2Fcategories&post=3588"},{"taxonomy":"post_tag","embeddable":true,"href":"https:\/\/paginacero.com.uy\/index.php?rest_route=%2Fwp%2Fv2%2Ftags&post=3588"}],"curies":[{"name":"wp","href":"https:\/\/api.w.org\/{rel}","templated":true}]}}