{"id":3582,"date":"2024-03-08T10:58:18","date_gmt":"2024-03-08T13:58:18","guid":{"rendered":"https:\/\/paginacero.com.uy\/?p=3582"},"modified":"2024-03-08T10:58:18","modified_gmt":"2024-03-08T13:58:18","slug":"el-intendente-debe-cumplir-su-plan-de-descentralizacion-planteado-como-propuesta-electoral-de-gobierno","status":"publish","type":"post","link":"https:\/\/paginacero.com.uy\/?p=3582","title":{"rendered":"\u201cEl Intendente debe cumplir su plan de descentralizaci\u00f3n planteado como propuesta electoral de gobierno\u201d"},"content":{"rendered":"<p><strong>El edil Jos\u00e9 Rizzo del Frente Amplio present\u00f3 un informe sobre la falta de recursos que se est\u00e1n viendo en lo que son la concreci\u00f3n de obras para Sarand\u00ed del Y\u00ed, adem\u00e1s de hablar de descentralizaci\u00f3n.<\/strong><!--more--><\/p>\n<p>\u201cNuestra bancada con frecuencia recibe un bolet\u00edn de informaci\u00f3n de apoyo para seguimiento de gesti\u00f3n departamental, que son informes que se extraen de la OPP. Sobre todo lo que hace al Fondo de Desarrollo del Interior, y cuando comenzamos a estudiar y vemos las obras que son financiadas con el FDI, que es un fondo leg\u00edtimo que le corresponde a la Intendencia y los Municipios, en Sarand\u00ed del Yi figura solamente una compra de maquinaria\u201d dijo.<\/p>\n<p>\u201cClaro nos ponemos a mirar el presupuesto y empezamos a ver que lo que hace al fondo de Desarrollo del Interior, lo hemos planteado en alguna oportunidad, pero por ejemplo el bacheo de la carpeta asf\u00e1ltica que se est\u00e1 trabajando all\u00ed, no alcanzan los fondos y se tienen que inyectar dineros de otras obras, como ha pasado en estos \u00faltimos d\u00edas, que vimos que en Sarand\u00ed del Y\u00ed se intervinieron las calles, se retiraron las zonas afectadas por las carpetas, se compact\u00f3, pero la empresa no segu\u00eda. Apareci\u00f3 d\u00edas despu\u00e9s, pero nos informaron que la empresa se retir\u00f3 porque entre otras cosas se hab\u00eda ido porque no alcanzaba el dinero para terminar la obra\u201d agreg\u00f3.<\/p>\n<p>\u201cEntonces otra vez en Sarand\u00ed del Y\u00ed la s\u00e1bana es corta, se desviste un santo para vestir otro, una obra nueva que va a ser la intervenci\u00f3n en los boulevares perimetrales, que es para hacer una obra nueva, esos recursos se van a utilizar para mantenimiento. Seguimos con la misma pel\u00edcula y estamos a un a\u00f1o de terminar esta gesti\u00f3n, sigue sin alcanzar la plata y el dinero de obras no se utiliza para reparar obras que hay que hacer de mantenimiento, pero no alcanza\u201d indic\u00f3.<\/p>\n<p>Aclar\u00f3 que sobre los recursos que se brindan a trav\u00e9s del Fondo de Desarrollo del Interior, no se est\u00e1 cumpliendo con todo lo previsto.<\/p>\n<p>\u201cSobre el Fondo de Desarrollo del Interior y el Incentivo al Interior, seguimos con la consolidaci\u00f3n de un barrio, se habla del presupuesto que tenemos todos los ediles, se habla de la intervenci\u00f3n de 18.000 metros cuadrados en Sarand\u00ed del Y\u00ed se siguen esperando esas obras, esperemos que este a\u00f1o electoral se pueda cumplir con lo que va quedando a obras.<\/p>\n<p>En la \u00faltima audiencia anual se hablaba que se le iba a dar soluci\u00f3n a los vecinos de Mevir III, se le iba a abrir una nueva calle que diera hacia avenida Petrini para mejorar el acceso y salida a ese barrio, pero tampoco se va a poder cumplir con eso lamentablemente, aparentemente no hay rubros en el Municipio ni en la Intendencia Departamental para cumplir con eso\u201d dijo.<\/p>\n<p>En su disertaci\u00f3n tambi\u00e9n habl\u00f3 de descentralizaci\u00f3n y la falta de cumplimiento por parte del Intendente de la promesa electoral de instalar Municipios a instancias de los pedidos de vecinos.<\/p>\n<p>\u201cPor \u00faltimo vamos a hablar de descentralizaci\u00f3n, descentralizaci\u00f3n del municipio, se planificar\u00e1 luego de un estudio del territorio una propuesta de que funcionen nuevos municipios sobre la base de inquietudes vecinales que permitan efectivamente gobiernos de mayor centralidad. Yo preguntar\u00eda a todos los presentes si saben de donde extraje este p\u00e1rrafo, nada m\u00e1s ni nada menos del programa de gobierno del candidato Carmelo Vidal\u00edn, hablando de descentralizaci\u00f3n. Despu\u00e9s de leer un par de veces, compartir y comentar cosas con compa\u00f1eros de la bancada, con vecinos, veo que ese famoso estudio que se iba a hacer, esas inquietudes de vecinos, de parte del Intendente y del Secretario General de la Intendencia de Durazno no se va a cumplir, con algo que ellos presentaron en la Corte para que los vecinos los votaran\u201d finaliz\u00f3 diciendo.<\/p>\n","protected":false},"excerpt":{"rendered":"<p>El edil Jos\u00e9 Rizzo del Frente Amplio present\u00f3 un informe sobre la falta de recursos que se est\u00e1n viendo en lo que son la concreci\u00f3n de obras para Sarand\u00ed del Y\u00ed, adem\u00e1s de hablar de descentralizaci\u00f3n.<\/p>\n","protected":false},"author":4,"featured_media":3583,"comment_status":"closed","ping_status":"closed","sticky":false,"template":"","format":"standard","meta":{"footnotes":""},"categories":[5],"tags":[],"class_list":["post-3582","post","type-post","status-publish","format-standard","has-post-thumbnail","hentry","category-durazno"],"_links":{"self":[{"href":"https:\/\/paginacero.com.uy\/index.php?rest_route=\/wp\/v2\/posts\/3582","targetHints":{"allow":["GET"]}}],"collection":[{"href":"https:\/\/paginacero.com.uy\/index.php?rest_route=\/wp\/v2\/posts"}],"about":[{"href":"https:\/\/paginacero.com.uy\/index.php?rest_route=\/wp\/v2\/types\/post"}],"author":[{"embeddable":true,"href":"https:\/\/paginacero.com.uy\/index.php?rest_route=\/wp\/v2\/users\/4"}],"replies":[{"embeddable":true,"href":"https:\/\/paginacero.com.uy\/index.php?rest_route=%2Fwp%2Fv2%2Fcomments&post=3582"}],"version-history":[{"count":1,"href":"https:\/\/paginacero.com.uy\/index.php?rest_route=\/wp\/v2\/posts\/3582\/revisions"}],"predecessor-version":[{"id":3584,"href":"https:\/\/paginacero.com.uy\/index.php?rest_route=\/wp\/v2\/posts\/3582\/revisions\/3584"}],"wp:featuredmedia":[{"embeddable":true,"href":"https:\/\/paginacero.com.uy\/index.php?rest_route=\/wp\/v2\/media\/3583"}],"wp:attachment":[{"href":"https:\/\/paginacero.com.uy\/index.php?rest_route=%2Fwp%2Fv2%2Fmedia&parent=3582"}],"wp:term":[{"taxonomy":"category","embeddable":true,"href":"https:\/\/paginacero.com.uy\/index.php?rest_route=%2Fwp%2Fv2%2Fcategories&post=3582"},{"taxonomy":"post_tag","embeddable":true,"href":"https:\/\/paginacero.com.uy\/index.php?rest_route=%2Fwp%2Fv2%2Ftags&post=3582"}],"curies":[{"name":"wp","href":"https:\/\/api.w.org\/{rel}","templated":true}]}}