{"id":3579,"date":"2024-03-08T10:56:39","date_gmt":"2024-03-08T13:56:39","guid":{"rendered":"https:\/\/paginacero.com.uy\/?p=3579"},"modified":"2024-03-08T10:56:39","modified_gmt":"2024-03-08T13:56:39","slug":"ferias-educativas-steam-durazno-interviene-por-regiones","status":"publish","type":"post","link":"https:\/\/paginacero.com.uy\/?p=3579","title":{"rendered":"Ferias educativas STEAM: Durazno interviene por regiones"},"content":{"rendered":"<p><strong>La Gerencia de Ciencias y Tecnolog\u00eda de Ceibal lleva adelante propuestas para el desarrollo profesional docente en educaci\u00f3n STEAM. Su objetivo es promover la utilizaci\u00f3n con sentido pedag\u00f3gico de recursos tecnol\u00f3gicos para la ense\u00f1anza de conocimientos cient\u00edficos y matem\u00e1ticos que pongan foco en la resoluci\u00f3n de situaciones problem\u00e1ticas, el procesamiento de la informaci\u00f3n y la modelaci\u00f3n de situaciones relacionadas con las ciencias y el entorno pr\u00f3ximo de la comunidad de estudiantes, de manera de acompa\u00f1ar los lineamientos prioritarios del sistema educativo uruguayo y aportar al desarrollo de la innovaci\u00f3n educativa.<\/strong><!--more--><\/p>\n<p>En este marco, por segundo a\u00f1o consecutivo, se propone llevar a cabo un ciclo de ferias educativas para las \u00e1reas STEAM destinado a docentes de la ANEP (DGEIP, DGES, DGETP y CFE), estudiantes del Consejo de Formaci\u00f3n en Educaci\u00f3n (carreras de Magisterio, Maestro en Primera Infancia, Profesorado, Educador Social) y docentes y estudiantes de la UTEC.<\/p>\n<p>Las actividades se desarrollar\u00e1n de forma presencial y virtual, en formato taller y conferencia. La primera feria se desarrollar\u00e1 el 11 y el 12 de abril en Salto. La segunda ser\u00e1 el 6 y el 7 de junio en Maldonado. La tercera ser\u00e1 el 15 y el 16 de agosto en Canelones. La \u00faltima feria ser\u00e1 el 17 y el 18 de octubre en Mercedes.<\/p>\n<p>Ceibal cubrir\u00e1 un pasaje de ida y vuelta, adem\u00e1s de desayuno y almuerzo, para docentes que residen en las siguientes regiones: Feria en Salto: Salto, Rivera, Artigas, Paysand\u00fa y Tacuaremb\u00f3; Feria en Maldonado: Maldonado, Lavalleja, Cerro Largo, Treinta y Tres y Rocha; Feria en Canelones: Canelones, Flores, Florida, Durazno y Montevideo; Feria en Soriano: Soriano, R\u00edo Negro, Colonia y San Jos\u00e9.<\/p>\n<p>Los cupos son limitados.Por consultas y m\u00e1s informaci\u00f3n: matematica@ceibal.edu.uy.<\/p>\n<p>Ferias STEAM 2023. En 2023 se inscribieron m\u00e1s de 4.200 personas a las ferias realizadas en Rivera, Colonia y Treinta y Tres.<\/p>\n<p>La directora del IFD de Treinta y Tres, Mag. Mar\u00eda Gloria Olano, coment\u00f3: \u201cEstamos encantados de que el Instituto de Formaci\u00f3n Docente pueda ser sede de esta feria regional. Es una manera m\u00e1s de promover y fortalecer a trav\u00e9s de sus visitantes y sus protagonistas los aprendizajes de calidad que buscamos para todos nuestros educandos. Es una instancia de retroalimentaci\u00f3n, de trabajo conjunto, que promueve v\u00ednculos y es de los componentes m\u00e1s ricos de los procesos educativos\u201d.<\/p>\n<p>Su objetivo es promover la utilizaci\u00f3n con sentido pedag\u00f3gico de recursos tecnol\u00f3gicos para la ense\u00f1anza de conocimientos cient\u00edficos y matem\u00e1ticos que pongan foco en la resoluci\u00f3n de situaciones problem\u00e1ticas, el procesamiento de la informaci\u00f3n y la modelaci\u00f3n de situaciones relacionadas con las ciencias y el entorno pr\u00f3ximo de la comunidad de estudiantes, de manera de acompa\u00f1ar los lineamientos prioritarios del sistema educativo uruguayo y aportar al desarrollo de la innovaci\u00f3n educativa.<\/p>\n<p>En este marco, se propone llevar a cabo un ciclo de ferias educativas para las \u00e1reas STEAM destinado a docentes de la ANEP: DGEIP, DGES, DGETP y CFE, estudiantes del Consejo de Formaci\u00f3n en Educaci\u00f3n (carreras de Magisterio, Maestro en Primera Infancia, Profesorado, Educador Social), docentes y estudiantes de la UTEC.<\/p>\n<p>Los ejes centrales de estas jornadas son: Formaciones presenciales y virtuales en formato taller y conferencia que disponibilizar\u00e1n recursos y estrategias con foco en tecnolog\u00edas digitales, para el desarrollo de competencias generales y espec\u00edficas del espacio cient\u00edfico matem\u00e1tico vinculadas al MCN y en di\u00e1logo con las \u00e1reas STEAM; exposici\u00f3n de experiencias para el aula mediadas con tecnolog\u00edas digitales en que docentes y estudiantes presentar\u00e1n proyectos de intervenci\u00f3n que involucren alguna de las \u00e1reas STEAM.<\/p>\n<p>Se busca con esto instalar en los diferentes territorios espacios de formaci\u00f3n docente continua para la ense\u00f1anza a trav\u00e9s de las \u00e1reas STEAM, con tecnolog\u00edas digitales y con sentido pedag\u00f3gico, generar espacios de reflexi\u00f3n docente para la incorporaci\u00f3n de dichas tecnolog\u00edas digitales en la ense\u00f1anza asociada a las \u00e1reas STEAM, reconocer y visibilizar experiencias de aula que pongan foco en la ense\u00f1anza de las \u00e1reas STEAM mediadas con tecnolog\u00edas digitales.<\/p>\n","protected":false},"excerpt":{"rendered":"<p>La Gerencia de Ciencias y Tecnolog\u00eda de Ceibal lleva adelante propuestas para el desarrollo profesional docente en educaci\u00f3n STEAM. Su objetivo es promover la utilizaci\u00f3n con sentido pedag\u00f3gico de recursos tecnol\u00f3gicos para la ense\u00f1anza de conocimientos cient\u00edficos y matem\u00e1ticos que pongan foco en la resoluci\u00f3n de situaciones problem\u00e1ticas, el procesamiento de la informaci\u00f3n y la [&hellip;]<\/p>\n","protected":false},"author":4,"featured_media":3580,"comment_status":"closed","ping_status":"closed","sticky":false,"template":"","format":"standard","meta":{"footnotes":""},"categories":[5],"tags":[],"class_list":["post-3579","post","type-post","status-publish","format-standard","has-post-thumbnail","hentry","category-durazno"],"_links":{"self":[{"href":"https:\/\/paginacero.com.uy\/index.php?rest_route=\/wp\/v2\/posts\/3579","targetHints":{"allow":["GET"]}}],"collection":[{"href":"https:\/\/paginacero.com.uy\/index.php?rest_route=\/wp\/v2\/posts"}],"about":[{"href":"https:\/\/paginacero.com.uy\/index.php?rest_route=\/wp\/v2\/types\/post"}],"author":[{"embeddable":true,"href":"https:\/\/paginacero.com.uy\/index.php?rest_route=\/wp\/v2\/users\/4"}],"replies":[{"embeddable":true,"href":"https:\/\/paginacero.com.uy\/index.php?rest_route=%2Fwp%2Fv2%2Fcomments&post=3579"}],"version-history":[{"count":1,"href":"https:\/\/paginacero.com.uy\/index.php?rest_route=\/wp\/v2\/posts\/3579\/revisions"}],"predecessor-version":[{"id":3581,"href":"https:\/\/paginacero.com.uy\/index.php?rest_route=\/wp\/v2\/posts\/3579\/revisions\/3581"}],"wp:featuredmedia":[{"embeddable":true,"href":"https:\/\/paginacero.com.uy\/index.php?rest_route=\/wp\/v2\/media\/3580"}],"wp:attachment":[{"href":"https:\/\/paginacero.com.uy\/index.php?rest_route=%2Fwp%2Fv2%2Fmedia&parent=3579"}],"wp:term":[{"taxonomy":"category","embeddable":true,"href":"https:\/\/paginacero.com.uy\/index.php?rest_route=%2Fwp%2Fv2%2Fcategories&post=3579"},{"taxonomy":"post_tag","embeddable":true,"href":"https:\/\/paginacero.com.uy\/index.php?rest_route=%2Fwp%2Fv2%2Ftags&post=3579"}],"curies":[{"name":"wp","href":"https:\/\/api.w.org\/{rel}","templated":true}]}}