{"id":3576,"date":"2024-03-07T10:47:16","date_gmt":"2024-03-07T13:47:16","guid":{"rendered":"https:\/\/paginacero.com.uy\/?p=3576"},"modified":"2024-03-07T10:47:16","modified_gmt":"2024-03-07T13:47:16","slug":"se-abren-inscripciones-para-curso-de-fotografia","status":"publish","type":"post","link":"https:\/\/paginacero.com.uy\/?p=3576","title":{"rendered":"Se abren inscripciones para curso de fotograf\u00eda."},"content":{"rendered":"<p><strong>La Intendencia de Durazno, por v\u00eda de la Oficina de la Juventud, Departamento de Promoci\u00f3n Social, junto a INJU Durazno, lanzan el Curso de Fotograf\u00eda para j\u00f3venes, a cargo de Ram\u00f3n P\u00e9rez Nanch\u00eds.<\/strong><!--more--><\/p>\n<div class=\"x11i5rnm xat24cr x1mh8g0r x1vvkbs xtlvy1s x126k92a\">\n<div dir=\"auto\">Se ense\u00f1ar\u00e1n las t\u00e9cnicas b\u00e1sicas de la fotograf\u00eda digital, para lo cual ser\u00e1 necesario contar con celular o c\u00e1mara digital.<\/div>\n<\/div>\n<div class=\"x11i5rnm xat24cr x1mh8g0r x1vvkbs xtlvy1s x126k92a\">\n<div dir=\"auto\">El curso se realizar\u00e1 los d\u00edas viernes en la tarde, con una extensi\u00f3n de dos horas aproximadamente en horario a confirmar, siendo los cupos limitados.<\/div>\n<\/div>\n<div class=\"x11i5rnm xat24cr x1mh8g0r x1vvkbs xtlvy1s x126k92a\">\n<div dir=\"auto\">Las inscripciones se realizan solo por Whatsapp 092221950 en el horario de 13.00 a 19.00.<\/div>\n<\/div>\n","protected":false},"excerpt":{"rendered":"<p>La Intendencia de Durazno, por v\u00eda de la Oficina de la Juventud, Departamento de Promoci\u00f3n Social, junto a INJU Durazno, lanzan el Curso de Fotograf\u00eda para j\u00f3venes, a cargo de Ram\u00f3n P\u00e9rez Nanch\u00eds.<\/p>\n","protected":false},"author":4,"featured_media":3577,"comment_status":"closed","ping_status":"closed","sticky":false,"template":"","format":"standard","meta":{"footnotes":""},"categories":[5,15],"tags":[],"class_list":["post-3576","post","type-post","status-publish","format-standard","has-post-thumbnail","hentry","category-durazno","category-educacion"],"_links":{"self":[{"href":"https:\/\/paginacero.com.uy\/index.php?rest_route=\/wp\/v2\/posts\/3576","targetHints":{"allow":["GET"]}}],"collection":[{"href":"https:\/\/paginacero.com.uy\/index.php?rest_route=\/wp\/v2\/posts"}],"about":[{"href":"https:\/\/paginacero.com.uy\/index.php?rest_route=\/wp\/v2\/types\/post"}],"author":[{"embeddable":true,"href":"https:\/\/paginacero.com.uy\/index.php?rest_route=\/wp\/v2\/users\/4"}],"replies":[{"embeddable":true,"href":"https:\/\/paginacero.com.uy\/index.php?rest_route=%2Fwp%2Fv2%2Fcomments&post=3576"}],"version-history":[{"count":1,"href":"https:\/\/paginacero.com.uy\/index.php?rest_route=\/wp\/v2\/posts\/3576\/revisions"}],"predecessor-version":[{"id":3578,"href":"https:\/\/paginacero.com.uy\/index.php?rest_route=\/wp\/v2\/posts\/3576\/revisions\/3578"}],"wp:featuredmedia":[{"embeddable":true,"href":"https:\/\/paginacero.com.uy\/index.php?rest_route=\/wp\/v2\/media\/3577"}],"wp:attachment":[{"href":"https:\/\/paginacero.com.uy\/index.php?rest_route=%2Fwp%2Fv2%2Fmedia&parent=3576"}],"wp:term":[{"taxonomy":"category","embeddable":true,"href":"https:\/\/paginacero.com.uy\/index.php?rest_route=%2Fwp%2Fv2%2Fcategories&post=3576"},{"taxonomy":"post_tag","embeddable":true,"href":"https:\/\/paginacero.com.uy\/index.php?rest_route=%2Fwp%2Fv2%2Ftags&post=3576"}],"curies":[{"name":"wp","href":"https:\/\/api.w.org\/{rel}","templated":true}]}}