{"id":3573,"date":"2024-03-07T10:37:41","date_gmt":"2024-03-07T13:37:41","guid":{"rendered":"https:\/\/paginacero.com.uy\/?p=3573"},"modified":"2024-03-07T10:39:14","modified_gmt":"2024-03-07T13:39:14","slug":"queremos-informacion-sobre-faltante-de-dinero-en-la-alcaldia-del-carmen","status":"publish","type":"post","link":"https:\/\/paginacero.com.uy\/?p=3573","title":{"rendered":"\u201cQueremos informaci\u00f3n sobre faltante de dinero en la Alcald\u00eda del Carmen\u201d"},"content":{"rendered":"<p><strong>El edil colorado Carlos Garateguy present\u00f3 varias inquietudes referidas a la ciudad del Carmen, entre ellas el faltante de dinero de la Alcald\u00eda y el estado de las calles, que considera deplorable.<\/strong><!--more--><\/p>\n<p>\u201cQuisiera dar lectura a una solicitud de pedido de informes de nuestra bancada al Alcalde del Carmen. Solicito se informe acerca de si han existido durante su mandato faltantes de dinero en su Municipio y se nos informe sobre las medidas de seguridad que utilizan en su Municipio para guardar el dinero en efectivo, ya sean cajas fuertes, caja de seguridad, cajones, escritorios, etc\u00e9tera. en caso de haber existido faltante de dineros, la fecha de los mismos, las circunstancias en las que se constataron dichos faltantes, de que cantidad se ha tratado y cu\u00e1les han sido los procedimientos que se han realizado al respecto. Sean estos administrativos y o policiales o judiciales, y qu\u00e9 resultado han arrojado los mismos\u201d dijo.<\/p>\n<p>Otro tema preocupante es el estado de las calles principalmente en los barrios de la ciudad del Carmen.<\/p>\n<p>\u201cTambi\u00e9n tenemos en el Carmen otra inquietud de los vecinos de dicha ciudad, sobre las calles. Se han arreglado muy pocas calles y las de los barrios est\u00e1n en un estado horrible, se hacen bacheos por parte de la alcald\u00eda pero duran muy pocos d\u00edas, cuatro o cinco d\u00edas, porque el pasaje de los coches y como dec\u00eda el compa\u00f1ero edil dec\u00eda ac\u00e1 tambi\u00e9n en la ciudad, el mal bacheo, dura muy poco y est\u00e1n las calles a la miseria, en los barrios del Carmen est\u00e1n realmente en estado lamentable, se ha hecho muy poco y los vecinos, ya que visitamos el Carmen muy seguido, nos siguen dando quejas sobre el estado de las calles todas las veces\u201d agreg\u00f3.<\/p>\n<p>\u201cPido que estas palabras pasen a la Direcci\u00f3n de Obras y al Alcalde del Carmen para que se controle o de alguna manera reparen\u201d dijo.<\/p>\n<p>Nuevamente volvi\u00f3 a referirse a la situaci\u00f3n de los perros sueltos en la ciudad y las consecuencias que tiene para la seguridad en general.<\/p>\n<p>\u201cOtro tema es ante reiteradas solicitudes previas realizadas en fechas 25\/6\/21, 17\/6\/22, 1\/6\/23 y 20\/7\/23, referido al persistente problema de los perros sueltos que contin\u00faan agrav\u00e1ndose en nuestra ciudad, hemos recibido numerosas quejas de vecinos con mordeduras de perros que se ha dado en varios barrios, generando molestias, ausencias laborales y gastos m\u00e9dicos, muchas de estas situaciones no son denunciadas ante las autoridades correspondientes\u201d dijo el edil.<\/p>\n<p>\u201cEn este caso quiero resaltar la queja de los due\u00f1os de puestos de comidas en las plazas, sobre todo en Plaza Independencia, donde los perros han causado incidentes al robar comida a los ni\u00f1os y en las mesas de los puestos. Un grupo de siete perros han perturbado a las personas en las mesas e incluso provocado accidentes con motocicletas, resultando personas lesionadas. Durante este reciente Festival de Folklore la situaci\u00f3n se complic\u00f3 debido al aumento de personas en dicha plaza, tambi\u00e9n hay quejas de vecinos que visitan supermercados de las calles Galarza y en la Terminal, enfrentando problemas similares\u201d agreg\u00f3.<\/p>\n<p>El edil pide que se tomen medidas para controlar la situaci\u00f3n por parte de las autoridades, entre ellas charlas de concientizaci\u00f3n destinadas a ni\u00f1os.<\/p>\n<p>\u201cEn varios barrios tambi\u00e9n se han detectado numerosos ataques de perros sueltos a residentes y transe\u00fantes, adem\u00e1s muchas familias tienen m\u00e1s de cinco animales que deambulan sueltos por las calles en condiciones precarias, irrumpiendo en viviendas vecinas en busca de alimentos y generando m\u00faltiples inconvenientes. Concientes de las medidas planificadas a corto, mediano y largo plazo, como la castraci\u00f3n y colocaci\u00f3n de chips, que han mostrado resultados positivos hasta la fecha, propongo considerar acciones adicionales para abordar la problem\u00e1tica de manera integral. Entre las medidas sugeridas se plantean intensificar las campa\u00f1as de concientizaci\u00f3n y sensibilizaci\u00f3n sobre el impacto negativo de los perros sueltos en la comunidad, involucrando a las organizaciones locales y vecinales, pero principalmente charlas en las escuelas por medio de personas capacitadas para concientizar a los ni\u00f1os sobre esta problem\u00e1tica\u201d agreg\u00f3.<\/p>\n<p>\u201cSe debe lograr una estrategia urgente para retirar a los animales de los espacios p\u00fablicos para evitar tragedias y siniestros sobre todo en este comienzo de clases, principalmente en primaria, ya<\/p>\n<p>que cantidad de madres en motos retiran sus hijos de dichas zonas, que son afectadas por dichos perros. Solicitamos se estudie la posibilidad del retiro de los referidos canes a los refugios a medida que se entreguen animales en adopci\u00f3n, Pido que estas palabras pasen al Intendente y a la Comisi\u00f3n que se crea conveniente\u201d finaliz\u00f3 diciendo.<\/p>\n","protected":false},"excerpt":{"rendered":"<p>El edil colorado Carlos Garateguy present\u00f3 varias inquietudes referidas a la ciudad del Carmen, entre ellas el faltante de dinero de la Alcald\u00eda y el estado de las calles, que considera deplorable.<\/p>\n","protected":false},"author":4,"featured_media":3574,"comment_status":"closed","ping_status":"closed","sticky":false,"template":"","format":"standard","meta":{"footnotes":""},"categories":[5],"tags":[],"class_list":["post-3573","post","type-post","status-publish","format-standard","has-post-thumbnail","hentry","category-durazno"],"_links":{"self":[{"href":"https:\/\/paginacero.com.uy\/index.php?rest_route=\/wp\/v2\/posts\/3573","targetHints":{"allow":["GET"]}}],"collection":[{"href":"https:\/\/paginacero.com.uy\/index.php?rest_route=\/wp\/v2\/posts"}],"about":[{"href":"https:\/\/paginacero.com.uy\/index.php?rest_route=\/wp\/v2\/types\/post"}],"author":[{"embeddable":true,"href":"https:\/\/paginacero.com.uy\/index.php?rest_route=\/wp\/v2\/users\/4"}],"replies":[{"embeddable":true,"href":"https:\/\/paginacero.com.uy\/index.php?rest_route=%2Fwp%2Fv2%2Fcomments&post=3573"}],"version-history":[{"count":1,"href":"https:\/\/paginacero.com.uy\/index.php?rest_route=\/wp\/v2\/posts\/3573\/revisions"}],"predecessor-version":[{"id":3575,"href":"https:\/\/paginacero.com.uy\/index.php?rest_route=\/wp\/v2\/posts\/3573\/revisions\/3575"}],"wp:featuredmedia":[{"embeddable":true,"href":"https:\/\/paginacero.com.uy\/index.php?rest_route=\/wp\/v2\/media\/3574"}],"wp:attachment":[{"href":"https:\/\/paginacero.com.uy\/index.php?rest_route=%2Fwp%2Fv2%2Fmedia&parent=3573"}],"wp:term":[{"taxonomy":"category","embeddable":true,"href":"https:\/\/paginacero.com.uy\/index.php?rest_route=%2Fwp%2Fv2%2Fcategories&post=3573"},{"taxonomy":"post_tag","embeddable":true,"href":"https:\/\/paginacero.com.uy\/index.php?rest_route=%2Fwp%2Fv2%2Ftags&post=3573"}],"curies":[{"name":"wp","href":"https:\/\/api.w.org\/{rel}","templated":true}]}}