{"id":3570,"date":"2024-03-07T10:36:18","date_gmt":"2024-03-07T13:36:18","guid":{"rendered":"https:\/\/paginacero.com.uy\/?p=3570"},"modified":"2024-03-07T10:36:18","modified_gmt":"2024-03-07T13:36:18","slug":"suplente-de-jornales-solidarios-en-carlos-reyles-plantea-sus-inquietudes","status":"publish","type":"post","link":"https:\/\/paginacero.com.uy\/?p=3570","title":{"rendered":"\u201cSuplente de Jornales Solidarios en Carlos Reyles plantea sus inquietudes\u201d"},"content":{"rendered":"<p><strong>El edil frenteamplista Pedro Hern\u00e1ndez destac\u00f3 que en Carlos Reyles hubieron irregularidades a la hora de llamar a los suplentes para cubrir una vacante por renuncia en el programa de Jornales Solidarios, para lo que pide una soluci\u00f3n.<\/strong><!--more--><\/p>\n<p>\u201cVamos a hacer llegar un par de pedidos de informes. Uno tiene que ver con la inversi\u00f3n que se ha realizado en propaganda, en qu\u00e9 medios, en qu\u00e9 lugares, los montos, son seis puntos en total en ese pedido. Y despu\u00e9s el otro pedido se refiere a si existe la Polic\u00eda Territorial, quienes son los que la integran, tenemos ocho puntos sobre este pedido, pero en clave queremos saber cu\u00e1ntas veces se ha intervenido si se ha hecho y qu\u00e9 conclusiones se ha llegado sobre su accionar\u201d dijo.<\/p>\n<p>Adem\u00e1s, plante\u00f3 el problema de iluminaci\u00f3n que se vive en la zona de La Higuera y Santa Marta, zonas por las que de noche es peligroso transitar por este motivo.<\/p>\n<p>\u201cVecinos de calle de La Higuera y Santa Marta solicitan que el medio de salida que tienen mas r\u00e1pido y m\u00e1s seguro es por la Ruta 14 y Emilio Rossi, por lo tanto la inquietud de ellos es que se le ponga luz en la intersecci\u00f3n de Emilio Rossi y Ruta 14 y que el Ministerio de Transporte pudiera colocar luces hasta lo que conocemos como Puente Seco para que tengan una salida segura. Esa gente de los barrios lleva los ni\u00f1os a la escuela y distintas instancias, por las noches adem\u00e1s es bastante peligroso andar ah\u00ed. Quiero que estas palabras pasen al Ejecutivo Departamental y al Ministerio de Obras P\u00fablicas, para lo que corresponde en la ruta 14\u201d agreg\u00f3.<\/p>\n<p>Destac\u00f3 que en Las Violetas los trabajos no han culminado a\u00fan y algunos tramos del cord\u00f3n cuneta se han deteriorado.<\/p>\n<p>\u201cEn otro orden quer\u00eda decir que los vecinos y adem\u00e1s en nuestro recorrido por Las Violetas hemos podido constatar que se est\u00e1 en obra, se est\u00e1 trabajando, que no se ha finalizado la obra, ya hay levantamiento en el cord\u00f3n cuneta que se parte, van y le hacen un emparche y queda as\u00ed. Creo que esto amerita una intervenci\u00f3n m\u00e1s importante de lo que es la Direcci\u00f3n de Obras para que se haga un trabajo serio, porque al fin y al cabo son dineros de la poblaci\u00f3n que a nuestro entender no se est\u00e1 haciendo los controles que corresponde al realizar la misma\u201d dijo.<\/p>\n<p>Plante\u00f3 tambi\u00e9n la inquietud de una vecina de Carlos Reyles, suplente en el programa Jornales Solidarios, que no fue convocada cuando se produjo una vacante.<\/p>\n<p>\u201cHace unos meses hab\u00edamos hecho un pedido de informes sobre los Jornales Solidarios, en este caso en Carlos Reyles y en algunas visitas a esa localidad una persona se nos acerc\u00f3 \u0301para hacernos algunas consultas ya que eran cinco titulares y despu\u00e9s una lista de suplentes, una de las titulares renunci\u00f3 pero a la primer suplente nunca le lleg\u00f3 la citaci\u00f3n. Tenemos el pedido de informes de la manera que se comunica a las personas, pero esta se\u00f1ora dice que se jam\u00e1s se le hizo la citaci\u00f3n, por lo que usted puede entender si estaba anotada para un jornal solidario es porque la parte econ\u00f3mica no andaba muy bien en su familia y creo que estas son las cosas que le hacen da\u00f1o a la democracia cuando se sortea y muchas veces se va a otra persona, desconocemos los motivos\u201d agreg\u00f3.<\/p>\n<p>\u201cEstas palabras quiero que lleguen con la copia adjunta de las personas y c\u00e9dulas que est\u00e1n ah\u00ed, inclu\u00edda la primer suplente, al Ejecutivo Departamental para que averigue en forma concreta por que no se cit\u00f3 a esta persona y que pase a la Comisi\u00f3n de Derechos Humanos que trabaja muy bien en esta Junta, que intervenga al respecto, porque de alguna manera tendr\u00e1 que solucion\u00e1rsele a esta se\u00f1ora los jornales que perdi\u00f3 y no quiero que esto termine en la justicia para que se pueda hacer de lo que le corresponde por derecho\u201d indic\u00f3.<\/p>\n<p>\u201cTambi\u00e9n quiero destacar que es notable la rapidez en las intervenciones de lo que es la Intendencia para cerrar un local, como es la Sede de la Quinta de los Sapos y para otros, como los que ha venido reclamando el compa\u00f1ero Barit\u00e9 no se act\u00faa\u201d finaliz\u00f3 diciendo.<\/p>\n","protected":false},"excerpt":{"rendered":"<p>El edil frenteamplista Pedro Hern\u00e1ndez destac\u00f3 que en Carlos Reyles hubieron irregularidades a la hora de llamar a los suplentes para cubrir una vacante por renuncia en el programa de Jornales Solidarios, para lo que pide una soluci\u00f3n.<\/p>\n","protected":false},"author":4,"featured_media":3571,"comment_status":"closed","ping_status":"closed","sticky":false,"template":"","format":"standard","meta":{"footnotes":""},"categories":[5],"tags":[],"class_list":["post-3570","post","type-post","status-publish","format-standard","has-post-thumbnail","hentry","category-durazno"],"_links":{"self":[{"href":"https:\/\/paginacero.com.uy\/index.php?rest_route=\/wp\/v2\/posts\/3570","targetHints":{"allow":["GET"]}}],"collection":[{"href":"https:\/\/paginacero.com.uy\/index.php?rest_route=\/wp\/v2\/posts"}],"about":[{"href":"https:\/\/paginacero.com.uy\/index.php?rest_route=\/wp\/v2\/types\/post"}],"author":[{"embeddable":true,"href":"https:\/\/paginacero.com.uy\/index.php?rest_route=\/wp\/v2\/users\/4"}],"replies":[{"embeddable":true,"href":"https:\/\/paginacero.com.uy\/index.php?rest_route=%2Fwp%2Fv2%2Fcomments&post=3570"}],"version-history":[{"count":1,"href":"https:\/\/paginacero.com.uy\/index.php?rest_route=\/wp\/v2\/posts\/3570\/revisions"}],"predecessor-version":[{"id":3572,"href":"https:\/\/paginacero.com.uy\/index.php?rest_route=\/wp\/v2\/posts\/3570\/revisions\/3572"}],"wp:featuredmedia":[{"embeddable":true,"href":"https:\/\/paginacero.com.uy\/index.php?rest_route=\/wp\/v2\/media\/3571"}],"wp:attachment":[{"href":"https:\/\/paginacero.com.uy\/index.php?rest_route=%2Fwp%2Fv2%2Fmedia&parent=3570"}],"wp:term":[{"taxonomy":"category","embeddable":true,"href":"https:\/\/paginacero.com.uy\/index.php?rest_route=%2Fwp%2Fv2%2Fcategories&post=3570"},{"taxonomy":"post_tag","embeddable":true,"href":"https:\/\/paginacero.com.uy\/index.php?rest_route=%2Fwp%2Fv2%2Ftags&post=3570"}],"curies":[{"name":"wp","href":"https:\/\/api.w.org\/{rel}","templated":true}]}}