{"id":3564,"date":"2024-03-07T10:32:33","date_gmt":"2024-03-07T13:32:33","guid":{"rendered":"https:\/\/paginacero.com.uy\/?p=3564"},"modified":"2024-03-07T10:32:33","modified_gmt":"2024-03-07T13:32:33","slug":"se-brindaran-ayudas-extraordinarias-en-el-programa-uruguay-crece-contigo","status":"publish","type":"post","link":"https:\/\/paginacero.com.uy\/?p=3564","title":{"rendered":"Se brindar\u00e1n ayudas extraordinarias en el programa Uruguay Crece Contigo"},"content":{"rendered":"<p><strong>Uruguay Crece Contigo (UCC) es una pol\u00edtica p\u00fablica de cobertura nacional, que apunta a consolidar un sistema de protecci\u00f3n integral a la primera infancia. Para ello se propone el desarrollo de acciones universales y focalizadas que garanticen los cuidados y protecci\u00f3n adecuados de las mujeres embarazadas y el desarrollo de ni\u00f1os y ni\u00f1as menores de 4 a\u00f1os, desde una perspectiva de derechos, g\u00e9nero y generaciones.<\/strong><!--more--><\/p>\n<p>En nuestra ciudad, el espacio de Uruguay Crece Contigo articula en la sede del Mides, ubicado en 19 de Abril casi 18 de Julio. El acceso a<\/p>\n<p>UCC surge como un espacio de articulaci\u00f3n y fortalecimiento del trabajo que viene desarrollando el Estado a trav\u00e9s de diferentes Programas y acciones orientados a la Primera Infancia. Para ello, se realizan acuerdos interinstitucionales con INAU, MSP, ASSE, MEC, BPS, MVOTMA, INDA, ANEP, CAIF, Intendencias Departamentales, Ministerio del Interior, SINAE, entre otros, que buscan fortalecer las acciones sist\u00e9micas e integrales necesarias para brindar oportunidades y garantizar derechos a todos los ni\u00f1os y ni\u00f1as y sus familias. El modelo de intervenci\u00f3n que propone Uruguay Crece Contigo recoge la trayectoria de dos programas que han sido muy exitosos: \u00abChile Crece Contigo\u00bb a nivel internacional y \u00abCanelones Crece Contigo\u00bb a nivel nacional.<\/p>\n<p>La primera infancia es un per\u00edodo corto, crucial y muy din\u00e1mico comprendido entre la fecundaci\u00f3n y los cinco a\u00f1os de edad. En este momento de la vida se desarrollan las habilidades para pensar, hablar, aprender y razonar. Todo lo que afecte la salud, la nutrici\u00f3n o el desarrollo f\u00edsico y emocional en esta etapa, puede dejar consecuencias para toda la vida. Por eso es tan importante garantizar un entorno favorable para el desarrollo integral de los ni\u00f1os y las ni\u00f1as, fortaleciendo el rol de cuidado y protecci\u00f3n de los adultos en la crianza.<\/p>\n<p>Proteger la primera infancia, como etapa fundamental en el desarrollo de las personas, requiere de una estrategia integral que tenga como principio, el inter\u00e9s superior de los ni\u00f1os, ni\u00f1as y sus familias.<\/p>\n<p>Brindar las mayores oportunidades para hacer efectivos los derechos fundamentales de estas personas, es una responsabilidad del Estado.<\/p>\n<p>El 29 de febrero, el Ministerio de Desarrollo Social (MIDES) y el Banco de Previsi\u00f3n Social (BPS) firmaron un acuerdo de ampliaci\u00f3n de las AYEX dirigidas especialmente a los beneficiarios de los programas de Uruguay Crece Contigo.<\/p>\n<p>Las AYEX para los programas MIDES comprenden diversas prestaciones que el BPS gestiona dirigidas a la primera infancia, entre lo que se destaca la entrega de lentes, evaluaciones de psicodiagn\u00f3stico y el acceso a prestaciones de rehabilitaci\u00f3n que son fundamentales para equiparar oportunidades en las trayectorias socioeducativas.<\/p>\n<p>En este nuevo convenio se aumenta un cupo de 50 % m\u00e1s de AYEX otorgadas por el BPS, con el fin de agilizar las gestiones para los tratamientos de ni\u00f1os y ni\u00f1as, impactando positivamente en el acceso inmediato a los tratamientos y as\u00ed mejorar el desarrollo de la primera infancia.<\/p>\n<p>En la firma particip\u00f3 el ministro de Desarrollo Social, Mart\u00edn Lema; el presidente de BPS, Alfredo Cabrera; la subsecretaria de Desarrollo Social, Andrea Brugman y la directora nacional de Desarrollo Social, Cecilia Sena.<\/p>\n<p>Este nuevo escenario de trabajo desaf\u00eda en el desarrollo de estrategias de fortalecimientos de equipos. Exige a cada t\u00e9cnico e integrante del Programa, una revisi\u00f3n permanente de lo que genera y moviliza la comunicaci\u00f3n telef\u00f3nica con las familias, las instituciones, los servicios y los equipos, as\u00ed como el desarrollo de las diversas actividades que implica esta metodolog\u00eda.<\/p>\n<p>Se sugiere una referencia directa de los t\u00e9cnicos con el supervisor, el supervisor con el facilitador, y en todas las situaciones queda a disposici\u00f3n el apoyo y acompa\u00f1amiento que se pueda ofrecer desde el equipo de la Divisi\u00f3n Territorios para Crecer.<\/p>\n","protected":false},"excerpt":{"rendered":"<p>Uruguay Crece Contigo (UCC) es una pol\u00edtica p\u00fablica de cobertura nacional, que apunta a consolidar un sistema de protecci\u00f3n integral a la primera infancia. Para ello se propone el desarrollo de acciones universales y focalizadas que garanticen los cuidados y protecci\u00f3n adecuados de las mujeres embarazadas y el desarrollo de ni\u00f1os y ni\u00f1as menores de [&hellip;]<\/p>\n","protected":false},"author":4,"featured_media":3565,"comment_status":"closed","ping_status":"closed","sticky":false,"template":"","format":"standard","meta":{"footnotes":""},"categories":[5],"tags":[],"class_list":["post-3564","post","type-post","status-publish","format-standard","has-post-thumbnail","hentry","category-durazno"],"_links":{"self":[{"href":"https:\/\/paginacero.com.uy\/index.php?rest_route=\/wp\/v2\/posts\/3564","targetHints":{"allow":["GET"]}}],"collection":[{"href":"https:\/\/paginacero.com.uy\/index.php?rest_route=\/wp\/v2\/posts"}],"about":[{"href":"https:\/\/paginacero.com.uy\/index.php?rest_route=\/wp\/v2\/types\/post"}],"author":[{"embeddable":true,"href":"https:\/\/paginacero.com.uy\/index.php?rest_route=\/wp\/v2\/users\/4"}],"replies":[{"embeddable":true,"href":"https:\/\/paginacero.com.uy\/index.php?rest_route=%2Fwp%2Fv2%2Fcomments&post=3564"}],"version-history":[{"count":1,"href":"https:\/\/paginacero.com.uy\/index.php?rest_route=\/wp\/v2\/posts\/3564\/revisions"}],"predecessor-version":[{"id":3566,"href":"https:\/\/paginacero.com.uy\/index.php?rest_route=\/wp\/v2\/posts\/3564\/revisions\/3566"}],"wp:featuredmedia":[{"embeddable":true,"href":"https:\/\/paginacero.com.uy\/index.php?rest_route=\/wp\/v2\/media\/3565"}],"wp:attachment":[{"href":"https:\/\/paginacero.com.uy\/index.php?rest_route=%2Fwp%2Fv2%2Fmedia&parent=3564"}],"wp:term":[{"taxonomy":"category","embeddable":true,"href":"https:\/\/paginacero.com.uy\/index.php?rest_route=%2Fwp%2Fv2%2Fcategories&post=3564"},{"taxonomy":"post_tag","embeddable":true,"href":"https:\/\/paginacero.com.uy\/index.php?rest_route=%2Fwp%2Fv2%2Ftags&post=3564"}],"curies":[{"name":"wp","href":"https:\/\/api.w.org\/{rel}","templated":true}]}}