{"id":3561,"date":"2024-03-06T10:53:20","date_gmt":"2024-03-06T13:53:20","guid":{"rendered":"https:\/\/paginacero.com.uy\/?p=3561"},"modified":"2024-03-06T10:53:20","modified_gmt":"2024-03-06T13:53:20","slug":"piden-placita-para-barrio-el-puentecito-y-reparacion-de-las-calles","status":"publish","type":"post","link":"https:\/\/paginacero.com.uy\/?p=3561","title":{"rendered":"Piden placita para barrio El Puentecito y reparaci\u00f3n de las calles"},"content":{"rendered":"<p><strong>El edil nacionalista Javier Bessonart se hizo eco de una carta hecha llegar por vecinos de barrio El Puentecito que precisan atenci\u00f3n para esa zona, con el arreglo de calles y creaci\u00f3n de un espacio de recreaci\u00f3n.<\/strong><!--more--><\/p>\n<p>\u201cTenemos una carta que nos hacen llegar los vecinos de barrio El Puentecito, dirigida a la Junta Departamental y al Intendente Departamental. Es la solicitud en el cambio de pavimento y mejora de las calles del barrio El Puentecito\u201d dijo.<\/p>\n<p>\u201cPor medio de la presente, los abajo firmantes, vecinos de barrio el Puentecito solicitamos que en terreno p\u00fablico abandonado, ubicado en el barrio, en la calle Larrique esquina Agraciada, se analice el desarrollo de una plaza p\u00fablica\u201d expresan los vecinos en la carta hecha llegar a la Junta.<\/p>\n<p>\u201cEn esa zona la obra de la v\u00eda perjudic\u00f3 mucho las calles, producto de las obras que se realizaron, por all\u00ed ingresaba toda la maquinaria, est\u00e1 la rampa por donde se limpia tambi\u00e9n la canaleta del Paseo de la V\u00eda y dem\u00e1s, viendo ese tri\u00e1ngulo que queda entre el tejido y la calle, donde obviamente la maleza y la acumulaci\u00f3n de residuos es bastante frecuente. Si bien la limpieza est\u00e1 a cargo del CIB de Varona, que lo realiza de muy buena forma y los vecinos colaboran mucho, es un espacio que est\u00e1 como perdido y ser\u00eda bueno la posibilidad del desarrollo de esta plaza p\u00fablica\u201d indic\u00f3.<\/p>\n<p>\u201cSe espera que sea un espacio con la infraestructura adecuada para el uso de los vecinos, adem\u00e1s solicitamos el arreglo de las calles dado que presentan ese deterioro significativo por toda la maquinaria que pas\u00f3 por all\u00ed\u201d dijo.<\/p>\n<p>\u201cSer\u00eda clave poder concretar esto para combatir la contaminaci\u00f3n que hay all\u00ed y que en ese terreno que se encuentra entre la v\u00eda del tren y la calle mencionada, Pedro Larrique, revitalizar obviamente este espacio y aportar una mayor belleza al lugar y brindar un espacio de esparcimiento y recreaci\u00f3n a la comunidad. En cuanto a las calles que han quedado molidas por el paso de la maquinaria, tambi\u00e9n entendemos que es importante dado esta obra del ferrocarril, que ha sido de las m\u00e1s importantes de los \u00faltimos a\u00f1os, se ha intensificado tanto el tr\u00e1nsito por esa zona, que se pueda arreglar el destrozo que se ha dado all\u00ed. Se trata de calles sumamente transitadas, el deterioro obviamente tiene muchas veces consecuencias con desviaciones de bicicletas, motos y veh\u00edculos que deben hacer maniobras para esquivar los baches que est\u00e1n en el lugar, poniendo en riesgo la seguridad de los conductores y peatones\u201d finaliz\u00f3 diciendo.<\/p>\n<p>El edil solicit\u00f3 que sus palabras pasen a la Direcci\u00f3n de Obras de la Intendencia Departamental para darle la atenci\u00f3n debida.<\/p>\n","protected":false},"excerpt":{"rendered":"<p>El edil nacionalista Javier Bessonart se hizo eco de una carta hecha llegar por vecinos de barrio El Puentecito que precisan atenci\u00f3n para esa zona, con el arreglo de calles y creaci\u00f3n de un espacio de recreaci\u00f3n.<\/p>\n","protected":false},"author":4,"featured_media":3562,"comment_status":"closed","ping_status":"closed","sticky":false,"template":"","format":"standard","meta":{"footnotes":""},"categories":[5],"tags":[],"class_list":["post-3561","post","type-post","status-publish","format-standard","has-post-thumbnail","hentry","category-durazno"],"_links":{"self":[{"href":"https:\/\/paginacero.com.uy\/index.php?rest_route=\/wp\/v2\/posts\/3561","targetHints":{"allow":["GET"]}}],"collection":[{"href":"https:\/\/paginacero.com.uy\/index.php?rest_route=\/wp\/v2\/posts"}],"about":[{"href":"https:\/\/paginacero.com.uy\/index.php?rest_route=\/wp\/v2\/types\/post"}],"author":[{"embeddable":true,"href":"https:\/\/paginacero.com.uy\/index.php?rest_route=\/wp\/v2\/users\/4"}],"replies":[{"embeddable":true,"href":"https:\/\/paginacero.com.uy\/index.php?rest_route=%2Fwp%2Fv2%2Fcomments&post=3561"}],"version-history":[{"count":1,"href":"https:\/\/paginacero.com.uy\/index.php?rest_route=\/wp\/v2\/posts\/3561\/revisions"}],"predecessor-version":[{"id":3563,"href":"https:\/\/paginacero.com.uy\/index.php?rest_route=\/wp\/v2\/posts\/3561\/revisions\/3563"}],"wp:featuredmedia":[{"embeddable":true,"href":"https:\/\/paginacero.com.uy\/index.php?rest_route=\/wp\/v2\/media\/3562"}],"wp:attachment":[{"href":"https:\/\/paginacero.com.uy\/index.php?rest_route=%2Fwp%2Fv2%2Fmedia&parent=3561"}],"wp:term":[{"taxonomy":"category","embeddable":true,"href":"https:\/\/paginacero.com.uy\/index.php?rest_route=%2Fwp%2Fv2%2Fcategories&post=3561"},{"taxonomy":"post_tag","embeddable":true,"href":"https:\/\/paginacero.com.uy\/index.php?rest_route=%2Fwp%2Fv2%2Ftags&post=3561"}],"curies":[{"name":"wp","href":"https:\/\/api.w.org\/{rel}","templated":true}]}}