{"id":3558,"date":"2024-03-06T10:51:41","date_gmt":"2024-03-06T13:51:41","guid":{"rendered":"https:\/\/paginacero.com.uy\/?p=3558"},"modified":"2024-03-06T10:51:41","modified_gmt":"2024-03-06T13:51:41","slug":"la-seguridad-de-los-vecinos-es-fundamental","status":"publish","type":"post","link":"https:\/\/paginacero.com.uy\/?p=3558","title":{"rendered":"\u201cLa seguridad de los vecinos es fundamental\u201d"},"content":{"rendered":"<p><strong>La edil nacionalista Anabel Fuentes hizo referencia a un accidente ocurrido en el puente de San Jos\u00e9 de Las Ca\u00f1as, que tambi\u00e9n produjo rotura en los pilares del mismo. Por otra parte, vecinos de calle Alcides Burgues piden controles en el tr\u00e1nsito.<\/strong><!--more--><\/p>\n<p>La edila comenz\u00f3 su alocuci\u00f3n en la sesi\u00f3n de la Junta Departamental dando cuenta de estos temas, todos relacionados al tr\u00e1nsito, tanto en el interior del departamento como en la ciudad capital, luego de producirse en los dos, accidentes de tr\u00e1nsito que posiblemente pudieran ser evitados de estar las condiciones necesarias.<\/p>\n<p>\u201cHoy nos vamos a referir al puente San Jos\u00e9 de las Ca\u00f1as, hemos tra\u00eddo unas im\u00e1genes para pasar en pantalla, este puente est\u00e1 ubicado sobre Ruta 42 entre la localidad de Blanquillo y La Paloma. Un tiempo atr\u00e1s hab\u00edamos planteado la posibilidad de que se colocaran barandas flotantes para que de esta manera permitiera el pasaje de la maquinaria agr\u00edcola\u201d dijo.<\/p>\n<p>En ese puente, que cuenta con medidas insuficientes de seguridad seg\u00fan han dado a conocer los vecinos y por lo que han presentado el tema a la edil, tuvo lugar un accidente que tuvo solamente consecuencias materiales, tanto para el conductor de la camioneta como para el puente en si, que se vio deteriorado al romperse varios de sus pilares.<\/p>\n<p>\u201cHace unos d\u00edas tuvo lugar all\u00ed un accidente, gracias a Dios no se tuvo que lamentar p\u00e9rdidas humanas, una camioneta se precipit\u00f3 al vac\u00edo donde se llev\u00f3 gran parte de los pilares del puente. La Junta de La Paloma lo que puede hacer, es lo que hace peri\u00f3dicamente, es mantener limpio la maleza, cortando para que la limpieza se pueda tener mejor visibilidad. Ah\u00ed vemos la camioneta cuando se precipit\u00f3 y se llev\u00f3 varios pilares, es un puente que est\u00e1 muy peligroso, por eso vamos a pedir al Director de Obras que haga una recorrida y vea la posibilidad de mejorar ese puente que est\u00e1 muy peligroso y los vecinos nos han hecho llegar esa inquietud\u201d agreg\u00f3.<\/p>\n<p>Continu\u00f3 hablando sobre el tema seguridad, pero en este caso en un barrio de Durazno que se ve afectado por la alta velocidad con que los veh\u00edculos circulan en una calle que, adem\u00e1s, es de tierra, no est\u00e1 asfaltada y produce molestias por las dos situaciones, la alta velocidad y el levantamiento de polvo que afecta a todos los vecinos de la zona.<\/p>\n<p>\u201cSiempre hablando de la seguridad a la hora de circular, vecinos de la ciudad de Durazno de la calle Alcides Burgues entre Jos\u00e9 G\u00f3mez y el puente seco, se encuentran dos cooperativas, COVIAP y Covidur III, ellos nos manifiestan la preocupaci\u00f3n por la velocidad con que circulan los veh\u00edculos por all\u00ed. Se han producido varios accidentes, dos autos chocaron, otro despist\u00f3 y se fue a la cuneta. Ellos manifiestan que all\u00ed circulan much\u00edsimos peatones tambi\u00e9n, piden la posibilidad de que se coloquen despertadores y que pase una o dos veces a la semana, las que sea necesaria, la regadera, porque hay mucha polvadera que se levanta y para los vecinos es insoportable vivir all\u00ed\u201d indico.<\/p>\n<p>\u201cAdem\u00e1s, vamos a pedir si cabe la posibilidad de que esa calle sea asfaltada para lograr mejorar la vida de los vecinos\u201d finaliz\u00f3 diciendo.<\/p>\n<p>La edila pidi\u00f3 que sus palabras fueran remitidas al Director de Obras para que pueda realizar las correcciones correspondientes a este tema, tanto en lo que tiene que ver con el asfaltado de esta importante arteria que tiene una gran cantidad de tr\u00e1nsito habitualmente, como as\u00ed tambi\u00e9n a la Direcci\u00f3n de Tr\u00e1nsito que puede llegar a intervenir en la circulaci\u00f3n a velocidades prudentes en esa zona.<\/p>\n<p>Es de destacar que el barrio tiene una gran cantidad de ni\u00f1os y adolescentes que tambi\u00e9n utilizan esa misma calle para acceder a servicios esenciales en lo que es el \u00e1rea educativa, adem\u00e1s de ser una salida a la ciudad para vecinos que deben concurrir a centros asistenciales.<\/p>\n","protected":false},"excerpt":{"rendered":"<p>La edil nacionalista Anabel Fuentes hizo referencia a un accidente ocurrido en el puente de San Jos\u00e9 de Las Ca\u00f1as, que tambi\u00e9n produjo rotura en los pilares del mismo. Por otra parte, vecinos de calle Alcides Burgues piden controles en el tr\u00e1nsito.<\/p>\n","protected":false},"author":4,"featured_media":3559,"comment_status":"closed","ping_status":"closed","sticky":false,"template":"","format":"standard","meta":{"footnotes":""},"categories":[5],"tags":[],"class_list":["post-3558","post","type-post","status-publish","format-standard","has-post-thumbnail","hentry","category-durazno"],"_links":{"self":[{"href":"https:\/\/paginacero.com.uy\/index.php?rest_route=\/wp\/v2\/posts\/3558","targetHints":{"allow":["GET"]}}],"collection":[{"href":"https:\/\/paginacero.com.uy\/index.php?rest_route=\/wp\/v2\/posts"}],"about":[{"href":"https:\/\/paginacero.com.uy\/index.php?rest_route=\/wp\/v2\/types\/post"}],"author":[{"embeddable":true,"href":"https:\/\/paginacero.com.uy\/index.php?rest_route=\/wp\/v2\/users\/4"}],"replies":[{"embeddable":true,"href":"https:\/\/paginacero.com.uy\/index.php?rest_route=%2Fwp%2Fv2%2Fcomments&post=3558"}],"version-history":[{"count":1,"href":"https:\/\/paginacero.com.uy\/index.php?rest_route=\/wp\/v2\/posts\/3558\/revisions"}],"predecessor-version":[{"id":3560,"href":"https:\/\/paginacero.com.uy\/index.php?rest_route=\/wp\/v2\/posts\/3558\/revisions\/3560"}],"wp:featuredmedia":[{"embeddable":true,"href":"https:\/\/paginacero.com.uy\/index.php?rest_route=\/wp\/v2\/media\/3559"}],"wp:attachment":[{"href":"https:\/\/paginacero.com.uy\/index.php?rest_route=%2Fwp%2Fv2%2Fmedia&parent=3558"}],"wp:term":[{"taxonomy":"category","embeddable":true,"href":"https:\/\/paginacero.com.uy\/index.php?rest_route=%2Fwp%2Fv2%2Fcategories&post=3558"},{"taxonomy":"post_tag","embeddable":true,"href":"https:\/\/paginacero.com.uy\/index.php?rest_route=%2Fwp%2Fv2%2Ftags&post=3558"}],"curies":[{"name":"wp","href":"https:\/\/api.w.org\/{rel}","templated":true}]}}