{"id":3555,"date":"2024-03-06T10:46:23","date_gmt":"2024-03-06T13:46:23","guid":{"rendered":"https:\/\/paginacero.com.uy\/?p=3555"},"modified":"2024-03-06T10:46:23","modified_gmt":"2024-03-06T13:46:23","slug":"dia-de-la-mujer-acelerar-la-igualdad","status":"publish","type":"post","link":"https:\/\/paginacero.com.uy\/?p=3555","title":{"rendered":"D\u00eda de la Mujer: acelerar la igualdad"},"content":{"rendered":"<p><strong>El 8 de marzo es el d\u00eda internacional de huelga y lucha feminista, un d\u00eda para reivindicar la igualdad de derechos, defender los derechos conquistados y luchar por los que a\u00fan faltan. Es un d\u00eda clave, que permite visibilizar nuestra lucha y no debe pasar desapercibido.<\/strong><!--more--><\/p>\n<p>La Colectiva Durazno organiz\u00f3 una reuni\u00f3n abierta para el d\u00eda 12 de febrero, invitando a mujeres, disidencias y organizaciones sociales de la ciudad, con el fin de comenzar el di\u00e1logo para organizar las actividades que se realizar\u00e1n el 8 de Marzo de 2024 en la ciudad de Durazno. Desde ese momento se han realizado varias instancias de organizaci\u00f3n, junto a las mujeres y disidencias que se sumaron a la convocatoria.<\/p>\n<p>En las reuniones fue definido realizar una marcha de mujeres y disidencias el mi\u00e9rcoles 8 de marzo de 2024. El lugar de concentraci\u00f3n ser\u00e1 en la Plaza Sarand\u00ed, en la esquina de 18 de Julio y 19 de Abril a las 18:00 horas. Marchamos a las 19.00 horas por 18 de Julio hasta la Plaza Independencia, bajo la consigna \u201cFrente a la guerra, resistencia feminista\u201d. Llegando a la plaza, se realizar\u00e1 la lectura de la proclama e intervenciones art\u00edsticas.<\/p>\n<p>La Colectiva Durazno, un colectivo de mujeres que se moviliza permanentemente por los derechos de la mujer y est\u00e1 integrado por personas de diversas \u00e1reas.<\/p>\n<p>El D\u00eda Internacional de la Mujer, se celebra el d\u00eda 8 de marzo y est\u00e1 reconocido por las Naciones Unidas. En ese d\u00eda se conmemora la lucha de la mujer por su participaci\u00f3n, en pie de igualdad con el hombre, en la sociedad y en su desarrollo integro como persona.<\/p>\n<p>El 8 de marzo es una fecha que celebran los grupos femeninos en todo el mundo. Cuando las mujeres de todos los continentes, a menudo separadas por fronteras nacionales y diferencias \u00e9tnicas, ling\u00fc\u00edsticas, culturales, econ\u00f3micas y pol\u00edticas, se unen para celebrar su D\u00eda, pueden contemplar una tradici\u00f3n de no menos de 90 a\u00f1os de lucha en pro de la igualdad, la justicia, la paz y el desarrollo.<\/p>\n<p>Marzo es el \u201cmes\u201d de la mujer, \u201ces una oportunidad para reflexionar y valorar donde estamos parados con respecto a la igualdad de g\u00e9nero\u201d, tiene la finalidad de cuestionar y reflexionar sobre las conquistas y la condici\u00f3n femenina en la sociedad.<\/p>\n<p>Una buena noticia es que las mujeres est\u00e1n m\u00e1s en las universidades, son m\u00e1s estudiosas y tiene mayor \u00edndice de aprobaci\u00f3n en concursos p\u00fablicos, sin embargo en el sector privado, las diferencias salariales entre hombre y mujeres contin\u00faan existiendo. Lamentablemente, el desempleo a\u00fan golpea m\u00e1s al sexo femenino. Por eso, la lucha continua para garantizar una sociedad m\u00e1s justa e igualitaria.<\/p>\n<p>A pesar de la atenci\u00f3n que se le presta a este d\u00eda y sus objetivos, contin\u00faan reproduci\u00e9ndose estas condiciones que no s\u00f3lo limitan las potencialidades de desarrollo integral de las mujeres, sino que afectan la calidad de la democracia.<\/p>\n<p>La idea de un d\u00eda internacional de la mujer surgi\u00f3 al final del siglo XIX, que fue, en el mundo industrializado, un per\u00edodo de expansi\u00f3n y turbulencia, crecimiento fulgurante de la poblaci\u00f3n e ideolog\u00edas radicales. En 1911, como consecuencia de la decisi\u00f3n adoptada en Copenhague el a\u00f1o anterior, el D\u00eda Internacional de la Mujer se celebr\u00f3 por primera vez (el 19 de marzo) en Alemania, Austria, Dinamarca y Suiza, con m\u00edtines a los que asistieron m\u00e1s de un mill\u00f3n de personas, que exigieron para las mujeres el derecho de voto y de ocupar cargos p\u00fablicos, el derecho al trabajo, a la formaci\u00f3n profesional y a la no discriminaci\u00f3n laboral.<\/p>\n<p>Menos de una semana despu\u00e9s, el 25 de marzo, m\u00e1s de 140 j\u00f3venes trabajadoras, la mayor\u00eda inmigrantes italianas y jud\u00edas, murieron en el tr\u00e1gico incendio de la f\u00e1brica Triangle en la ciudad de Nueva York.<\/p>\n<p>Este suceso tuvo grandes repercusiones en la legislaci\u00f3n laboral de los Estados Unidos, y en las celebraciones posteriores del D\u00eda Internacional de la Mujer se hizo referencia a las condiciones laborales que condujeron al desastre.<\/p>\n<p>En el marco de los movimientos en pro de la paz, en los a\u00f1os 1913 y 1914, que surgieron en v\u00edsperas de la primera guerra mundial, las mujeres rusas celebraron su primer D\u00eda Internacional de la Mujer el \u00faltimo domingo de febrero de 1913. En el resto de Europa, las mujeres celebraron<\/p>\n<p>m\u00edtines en torno al 8 de marzo del a\u00f1o siguiente para protestar por la guerra o para solidarizarse con las dem\u00e1s mujeres.<\/p>\n<p>Desde esos primeros a\u00f1os, el D\u00eda Internacional de la Mujer ha adquirido una nueva dimensi\u00f3n mundial para las mujeres de los pa\u00edses desarrollados y en desarrollo. El creciente movimiento internacional de la mujer, reforzado por las Naciones Unidas mediante cuatro conferencias mundiales sobre la mujer, ha contribuido a que la conmemoraci\u00f3n sea un punto de convergencia de las actividades coordinadas en favor de los derechos de la mujer y su participaci\u00f3n en la vida pol\u00edtica y econ\u00f3mica.<\/p>\n<p>El D\u00eda Internacional de la Mujer es cada vez m\u00e1s una ocasi\u00f3n para reflexionar sobre los avances conseguidos, exigir cambios y celebrar los actos de valor y decisi\u00f3n de mujeres comunes que han desempe\u00f1ado una funci\u00f3n extraordinaria en la historia de los derechos de la mujer.<\/p>\n<p>La fuerza que consigue un movimiento de mujeres en todo el mundo traspasa fronteras y diferencias culturales, econ\u00f3micas e ideol\u00f3gicas. Las mujeres unidas tienen el poder de cambiar el mundo y lograr la igualdad en todos los \u00e1mbitos de la sociedad.<\/p>\n<p>El movimiento del 8M se hace cada a\u00f1o m\u00e1s fuerte y poderoso, como cada una de las mujeres que lo componen. Diversos grupos, asociaciones, fundaciones, ONGs y mujeres siguen luchando de manera permanente por acabar con los acosos, asesinatos, violencia de g\u00e9nero, brecha salarial y las desigualdades en todas sus formas.<\/p>\n<p>Tambi\u00e9n se unen muchos hombres a la causa, porque la igualdad de g\u00e9nero beneficia a toda la sociedad. Porque el destino de los hombres y las mujeres est\u00e1 unido.<\/p>\n<p>Anteriormente las mujeres reclamaban derechos b\u00e1sicos, tales como ejercer el derecho al voto en las elecciones, el derecho a ocupar posiciones de responsabilidad en pol\u00edtica y en la sociedad en general, derecho al trabajo y al estudio. En la actualidad, el D\u00eda Internacional de la Mujer es una fecha significativa para reivindicar sus derechos b\u00e1sicos y fundamentales.<\/p>\n<p>Hasta que no se consiga una igualdad de g\u00e9nero efectiva, se seguir\u00e1 celebrando el D\u00eda Internacional de la Mujer.<\/p>\n<p>ONU Mujeres, la organizaci\u00f3n de las Naciones Unidas dedicada a la igualdad de g\u00e9nero y el empoderamiento de la mujer, estableci\u00f3 que este a\u00f1o el lema ser\u00e1: \u201cFinanciar los derechos de las mujeres para acelerar la igualdad\u201d. El organismo explica que unos de los problemas que impide la igualdad de g\u00e9nero -que se fij\u00f3 como meta para el a\u00f1o 2030- es la complejidad de inversi\u00f3n en los pa\u00edses, debido a que \u201cse reduce el gasto p\u00fablico en servicios p\u00fablicos esenciales, pol\u00edticas de cuidados y protecci\u00f3n social, y se ajustan por la v\u00eda del tiempo y el cuerpo de las mujeres\u201d.<\/p>\n<p>Adem\u00e1s, describe que el actual sistema econ\u00f3mico estimula la pobreza, la desigualdad y el deterioro medioambiental, por lo cual afecta de modo desigual a las mujeres. Llama a apoyar a los movimientos de mujeres, que defienden \u201cmodelos alternativos que proponen avanzar hacia una sociedad de los cuidados que preserve el medioambiente y la sostenibilidad de la vida\u201d, declara.<\/p>\n<p>As\u00ed como tambi\u00e9n, manifiestan desde ONU Mujeres que \u201ces urgente financiar a las organizaciones feministas y de mujeres para impulsarlas, ya que fortalecer a los movimientos y las organizaciones de la sociedad civil contribuye a la democracia, la paz y el desarrollo sostenible\u201d.<!--more--><\/p>\n<p><strong>Exposici\u00f3n de arte y m\u00e1s<\/strong><\/p>\n<p>Son variadas las actividades que el CIB de Plaza Uno tiene preparadas para este 8 de marzo, con una propuesta art\u00edstica donde \u201cLas mujeres de Durazno se unen a trav\u00e9s de la pintura\u201d. La Asociaci\u00f3n de Maestros Jubilados de Durazno y el Museo Hist\u00f3rico se unen para inaugurar esta muestra art\u00edstica que se llevar\u00e1 adelante desde las 19.30 en el Museo.<\/p>\n<p>Tambi\u00e9n realizar\u00e1n en el CIB, una variada actividad. El viernes 8 a las 18.00 horas se realizar\u00e1 el Primer Encuentro Femenino de Tejo en Durazno, Encuentro de NewCom a las 19.00 horas y tambi\u00e9n actividades art\u00edsticas con zumba, muestra de pat\u00edn, baile urbano y actuaci\u00f3n de Murga La Vermouth.<\/p>\n<p>El s\u00e1bado estar\u00e1n realizando una actividad de Danzas Circulares de 9.30 a 11.30 horas, sum\u00e1ndose a la conmemoraci\u00f3n del D\u00eda de la Mujer.<\/p>\n","protected":false},"excerpt":{"rendered":"<p>El 8 de marzo es el d\u00eda internacional de huelga y lucha feminista, un d\u00eda para reivindicar la igualdad de derechos, defender los derechos conquistados y luchar por los que a\u00fan faltan. Es un d\u00eda clave, que permite visibilizar nuestra lucha y no debe pasar desapercibido.<\/p>\n","protected":false},"author":4,"featured_media":3556,"comment_status":"closed","ping_status":"closed","sticky":false,"template":"","format":"standard","meta":{"footnotes":""},"categories":[5],"tags":[],"class_list":["post-3555","post","type-post","status-publish","format-standard","has-post-thumbnail","hentry","category-durazno"],"_links":{"self":[{"href":"https:\/\/paginacero.com.uy\/index.php?rest_route=\/wp\/v2\/posts\/3555","targetHints":{"allow":["GET"]}}],"collection":[{"href":"https:\/\/paginacero.com.uy\/index.php?rest_route=\/wp\/v2\/posts"}],"about":[{"href":"https:\/\/paginacero.com.uy\/index.php?rest_route=\/wp\/v2\/types\/post"}],"author":[{"embeddable":true,"href":"https:\/\/paginacero.com.uy\/index.php?rest_route=\/wp\/v2\/users\/4"}],"replies":[{"embeddable":true,"href":"https:\/\/paginacero.com.uy\/index.php?rest_route=%2Fwp%2Fv2%2Fcomments&post=3555"}],"version-history":[{"count":1,"href":"https:\/\/paginacero.com.uy\/index.php?rest_route=\/wp\/v2\/posts\/3555\/revisions"}],"predecessor-version":[{"id":3557,"href":"https:\/\/paginacero.com.uy\/index.php?rest_route=\/wp\/v2\/posts\/3555\/revisions\/3557"}],"wp:featuredmedia":[{"embeddable":true,"href":"https:\/\/paginacero.com.uy\/index.php?rest_route=\/wp\/v2\/media\/3556"}],"wp:attachment":[{"href":"https:\/\/paginacero.com.uy\/index.php?rest_route=%2Fwp%2Fv2%2Fmedia&parent=3555"}],"wp:term":[{"taxonomy":"category","embeddable":true,"href":"https:\/\/paginacero.com.uy\/index.php?rest_route=%2Fwp%2Fv2%2Fcategories&post=3555"},{"taxonomy":"post_tag","embeddable":true,"href":"https:\/\/paginacero.com.uy\/index.php?rest_route=%2Fwp%2Fv2%2Ftags&post=3555"}],"curies":[{"name":"wp","href":"https:\/\/api.w.org\/{rel}","templated":true}]}}