{"id":3551,"date":"2024-03-05T11:27:59","date_gmt":"2024-03-05T14:27:59","guid":{"rendered":"https:\/\/paginacero.com.uy\/?p=3551"},"modified":"2024-03-05T11:27:59","modified_gmt":"2024-03-05T14:27:59","slug":"los-barrios-precisan-atencion-urgente","status":"publish","type":"post","link":"https:\/\/paginacero.com.uy\/?p=3551","title":{"rendered":"\u201cLos barrios precisan atenci\u00f3n urgente\u201d"},"content":{"rendered":"<p><strong>El edil cabildista Carlos Kuster hizo puntualizaciones sobre la situaci\u00f3n en el tr\u00e1nsito con motivo de algunas obras, en barrio La Peyrade.<\/strong><!--more--><\/p>\n<p>\u201cSon algunas demandas puntuales que hacen vecinos del departamento, en principio en la construcci\u00f3n que se est\u00e1 realizando en la rotonda de la ruta 14 y La Peyrade, hay un tr\u00e1nsito muy intenso en el ingreso a las viviendas de La Peyrade incluso con medios de locomoci\u00f3n que no son livianos, no son solamente motos, autom\u00f3viles y camionetas, sino que tambi\u00e9n he visto ingresar al \u00f3mnibus local por ah\u00ed, he visto pasar camiones de alto porte y evidentemente que conocemos, son calles muy estrechas y est\u00e1n en un estado calamitoso\u201d dijo.<\/p>\n<p>\u201cNi le digo cuando llueve, se pone tremendo el pasaje por esa zona y all\u00ed en la parte tanto de sea de coronillas, talas y la que sale a la ruta 14, amerita que la empresa que est\u00e1 haciendo esa obra, que son necesarias porque es la rotonda, tambi\u00e9n asegure un ingreso m\u00e1s flu\u00eddo y valga la redundancia, con mayor seguridad, en particular es la callecita muy cortita que es la salida hacia la ruta 14, hay momentos que se pone intransitable y la gente va por arriba de la vereda y de los cordones, considero que eso debe ser atendido ya sea por la Intendencia o por la empresa que est\u00e1 haciendo esa intervenci\u00f3n en las calles\u201d agreg\u00f3.<\/p>\n<p>Tambi\u00e9n se refiri\u00f3 a la situaci\u00f3n de una familia en calle Etchechury, cuyo terreno se ve inundado sistem\u00e1ticamente.<\/p>\n<p>\u201cEn otro orden, esta es la tercera vez que lo planteo yo, lo planteo inicialmente el ex edil Marcelo Luj\u00e1n, el tema tan comentado y tan publicado, incluso publicitado que ha sido en los diferentes medios en la calle Etchechury, que una familia a ra\u00edz de que un vecino en forma, digo en forma totalmente irresponsable de manera personal, hizo un relleno en L en un terreno, pr\u00e1cticamente como lo he dicho otras veces le hizo una caipa e incluso impide el pasaje de las aguas que vienen por Etchechury y todo eso termina en el terreno de esta familia donde evidentemente se forma una laguna, pero no es necesario que lluevan varios d\u00edas, el otro d\u00eda cayeron pocos mil\u00edmetros y a las pocas horas el vecino estaba con el terreno inundado\u201d dijo.<\/p>\n<p>\u201cLa soluci\u00f3n que hace unos a\u00f1os le dio la comuna a trav\u00e9s de su Departamento de Obras fue una bomba el\u00e9ctrica, la cual la persona tiene que poner a funcionar. Pero ni Mandrake soluciona eso, con una bombita, parece un chiste que esa fuera la soluci\u00f3n, que a chorritos de agua se pueda vaciar un terreno de esos con los metros c\u00fabicos de agua que vienen y tirarlos para la calle. No es una soluci\u00f3n, lo habl\u00e9 en su momento con el Director de Obras, lo habl\u00e9 con el Intendente y siempre por alg\u00fan motivo sigue todo igual, esta demanda viene del a\u00f1o 2021, no se da soluci\u00f3n y uno a veces ve que se hacen gastos onerosos en otras cosas que pueden ser justificables y esto es muy solucionable, es ir y tener la voluntad de hacerlo, porque ah\u00ed aparte ya la falla viene de la propia Intendencia cuando la Polic\u00eda Territorial no intervino cuando hicieron ese relleno totalmente inadecuado\u201d agreg\u00f3.<\/p>\n<p>Tambi\u00e9n el servicio de volquetas ha generado la que en varios barrios.<\/p>\n<p>\u201cUnos vecinos me hacen llegar la demanda que hay seis manzanas del Parque del Oeste que hace unos d\u00edas retiraron las volquetas y est\u00e1n sin esos elementos para poder depositar sus residuos, lo cual evidentemente complica mucho lo que es tanto el dep\u00f3sito porque al no haber lugar, convirti\u00e9ndose en un foco infeccioso donde se coloca. Tambi\u00e9n en 4 de Octubre y Joaquin Su\u00e1rez toda la manzana no tiene volquetas, lo cual ser\u00eda importante que se haga llegar algo que es necesario por parte del Departamento de Servicios\u201d finaliz\u00f3.<\/p>\n","protected":false},"excerpt":{"rendered":"<p>El edil cabildista Carlos Kuster hizo puntualizaciones sobre la situaci\u00f3n en el tr\u00e1nsito con motivo de algunas obras, en barrio La Peyrade.<\/p>\n","protected":false},"author":4,"featured_media":3552,"comment_status":"closed","ping_status":"closed","sticky":false,"template":"","format":"standard","meta":{"footnotes":""},"categories":[5],"tags":[],"class_list":["post-3551","post","type-post","status-publish","format-standard","has-post-thumbnail","hentry","category-durazno"],"_links":{"self":[{"href":"https:\/\/paginacero.com.uy\/index.php?rest_route=\/wp\/v2\/posts\/3551","targetHints":{"allow":["GET"]}}],"collection":[{"href":"https:\/\/paginacero.com.uy\/index.php?rest_route=\/wp\/v2\/posts"}],"about":[{"href":"https:\/\/paginacero.com.uy\/index.php?rest_route=\/wp\/v2\/types\/post"}],"author":[{"embeddable":true,"href":"https:\/\/paginacero.com.uy\/index.php?rest_route=\/wp\/v2\/users\/4"}],"replies":[{"embeddable":true,"href":"https:\/\/paginacero.com.uy\/index.php?rest_route=%2Fwp%2Fv2%2Fcomments&post=3551"}],"version-history":[{"count":1,"href":"https:\/\/paginacero.com.uy\/index.php?rest_route=\/wp\/v2\/posts\/3551\/revisions"}],"predecessor-version":[{"id":3553,"href":"https:\/\/paginacero.com.uy\/index.php?rest_route=\/wp\/v2\/posts\/3551\/revisions\/3553"}],"wp:featuredmedia":[{"embeddable":true,"href":"https:\/\/paginacero.com.uy\/index.php?rest_route=\/wp\/v2\/media\/3552"}],"wp:attachment":[{"href":"https:\/\/paginacero.com.uy\/index.php?rest_route=%2Fwp%2Fv2%2Fmedia&parent=3551"}],"wp:term":[{"taxonomy":"category","embeddable":true,"href":"https:\/\/paginacero.com.uy\/index.php?rest_route=%2Fwp%2Fv2%2Fcategories&post=3551"},{"taxonomy":"post_tag","embeddable":true,"href":"https:\/\/paginacero.com.uy\/index.php?rest_route=%2Fwp%2Fv2%2Ftags&post=3551"}],"curies":[{"name":"wp","href":"https:\/\/api.w.org\/{rel}","templated":true}]}}