{"id":3548,"date":"2024-03-05T11:26:08","date_gmt":"2024-03-05T14:26:08","guid":{"rendered":"https:\/\/paginacero.com.uy\/?p=3548"},"modified":"2024-03-05T11:26:08","modified_gmt":"2024-03-05T14:26:08","slug":"talleres-gratuitos-de-meta-para-pequenas-empresas-redes-sociales-como-canales-de-venta","status":"publish","type":"post","link":"https:\/\/paginacero.com.uy\/?p=3548","title":{"rendered":"Talleres gratuitos de Meta para peque\u00f1as empresas: Redes Sociales como canales de venta"},"content":{"rendered":"<p><strong>Ya est\u00e1n abiertas las inscripciones para los talleres gratuitos de Meta (la empresa que maneja Instagram, Facebook y Whatsapp -entre otras redes sociales), en alianza con el programa Modo Digital de la Agencia Nacional de Desarrollo (ANDE). Desde Modo Digital se detect\u00f3 que a\u00fan existe una brecha en la dimensi\u00f3n de canales digitales y comunicaci\u00f3n en las micro, peque\u00f1as y medianas emprensas (mipymes), y se identific\u00f3 la demanda de cursos sobre esa tem\u00e1tica.<\/strong><!--more--><\/p>\n<p>Estos talleres est\u00e1n dirigidos a mipymes que necesiten capacitarse en como utilizar Redes Sociales para vender sus productos y servicios. Ser\u00e1n 3 talleres sobre Canales digitales y Contenido Creativo, Whatsapp Business, y Realidad Aumentada, que se realizar\u00e1n en 4 instancias virtuales a partir del 5 de marzo. Quienes participen podr\u00e1n inscribirse a los talleres de su preferencia.<\/p>\n<p>El primer taller ser\u00e1 sobre \u201cCanales Digitales y Contenido Creativo\u201d. Quienes participen aprender\u00e1n a crear y gestionar los distintos canales digitales que se pueden crear en la familia de aplicaciones de Meta. Tambi\u00e9n podr\u00e1n desarrollar contenido creativo para impulsar sus canales digitales en Facebook e Instagram. Se revisar\u00e1n las t\u00e9cnicas y mejores pr\u00e1cticas para crear Reels y otros contenidos que llamen la atenci\u00f3n de los clientes. Este taller se dictar\u00e1 en dos sesiones de una hora y media cada una: la primera sobre \u201cGesti\u00f3n de Canales Digitales\u201d ser\u00e1 el 5 de marzo a las 19 hs.; y la segunda sobre \u201cContenido Creativo para Canales Digitales\u201d ser\u00e1 el 12 de marzo, tambi\u00e9n a las 19 hs.<\/p>\n<p>Para inscribirse a estas dos instancias del primer taller, ingresar a los siguientes links:<\/p>\n<p>Canales Digitales: https:\/\/bit.ly\/3wkLko0<\/p>\n<p>Contenido Creativo: https:\/\/bit.ly\/3usbgO9<\/p>\n<p>El segundo taller ser\u00e1 sobre WhatsApp Business. Esta capacitaci\u00f3n explora c\u00f3mo captar personas mediante conversaciones en cada etapa del recorrido del cliente y c\u00f3mo la plataforma de WhatsApp Business puede beneficiar a clientes y empresas durante el recorrido del consumidor. Este taller ser\u00e1 el 19 de marzo a las 19 hs. con una duraci\u00f3n de una hora y media.<\/p>\n<p>Inscripciones para WhatsApp Business: https:\/\/bit.ly\/3T0rEP0<\/p>\n<p>El tercer taller ser\u00e1 sobre Realidad aumentada, sobre qu\u00e9 es, de que trata y c\u00f3mo puede ayudar a crear contenido novedoso para impulsar los canales digitales de emprendimientos y peque\u00f1as empresas. Adem\u00e1s, veremos c\u00f3mo se usa actualmente la tecnolog\u00eda de Realidad Aumentada en los diferentes sectores, c\u00f3mo se podr\u00e1 usar en el futuro y el panorama para las carreras profesionales de desarrollo de Realidad Aumentada. (Plataforma: Meta Spark). Este \u00faltimo taller se realizar\u00e1 el 2 de abril, a las 19 hs. con una hora y media de duraci\u00f3n.<\/p>\n<p>Inscripciones para el taller sobre Realidad Aumentada: https:\/\/bit.ly\/3SYuWSW<\/p>\n","protected":false},"excerpt":{"rendered":"<p>Ya est\u00e1n abiertas las inscripciones para los talleres gratuitos de Meta (la empresa que maneja Instagram, Facebook y Whatsapp -entre otras redes sociales), en alianza con el programa Modo Digital de la Agencia Nacional de Desarrollo (ANDE). Desde Modo Digital se detect\u00f3 que a\u00fan existe una brecha en la dimensi\u00f3n de canales digitales y comunicaci\u00f3n [&hellip;]<\/p>\n","protected":false},"author":4,"featured_media":3549,"comment_status":"closed","ping_status":"closed","sticky":false,"template":"","format":"standard","meta":{"footnotes":""},"categories":[5],"tags":[],"class_list":["post-3548","post","type-post","status-publish","format-standard","has-post-thumbnail","hentry","category-durazno"],"_links":{"self":[{"href":"https:\/\/paginacero.com.uy\/index.php?rest_route=\/wp\/v2\/posts\/3548","targetHints":{"allow":["GET"]}}],"collection":[{"href":"https:\/\/paginacero.com.uy\/index.php?rest_route=\/wp\/v2\/posts"}],"about":[{"href":"https:\/\/paginacero.com.uy\/index.php?rest_route=\/wp\/v2\/types\/post"}],"author":[{"embeddable":true,"href":"https:\/\/paginacero.com.uy\/index.php?rest_route=\/wp\/v2\/users\/4"}],"replies":[{"embeddable":true,"href":"https:\/\/paginacero.com.uy\/index.php?rest_route=%2Fwp%2Fv2%2Fcomments&post=3548"}],"version-history":[{"count":1,"href":"https:\/\/paginacero.com.uy\/index.php?rest_route=\/wp\/v2\/posts\/3548\/revisions"}],"predecessor-version":[{"id":3550,"href":"https:\/\/paginacero.com.uy\/index.php?rest_route=\/wp\/v2\/posts\/3548\/revisions\/3550"}],"wp:featuredmedia":[{"embeddable":true,"href":"https:\/\/paginacero.com.uy\/index.php?rest_route=\/wp\/v2\/media\/3549"}],"wp:attachment":[{"href":"https:\/\/paginacero.com.uy\/index.php?rest_route=%2Fwp%2Fv2%2Fmedia&parent=3548"}],"wp:term":[{"taxonomy":"category","embeddable":true,"href":"https:\/\/paginacero.com.uy\/index.php?rest_route=%2Fwp%2Fv2%2Fcategories&post=3548"},{"taxonomy":"post_tag","embeddable":true,"href":"https:\/\/paginacero.com.uy\/index.php?rest_route=%2Fwp%2Fv2%2Ftags&post=3548"}],"curies":[{"name":"wp","href":"https:\/\/api.w.org\/{rel}","templated":true}]}}