{"id":2764,"date":"2023-11-07T11:13:43","date_gmt":"2023-11-07T14:13:43","guid":{"rendered":"https:\/\/paginacero.com.uy\/?p=2764"},"modified":"2023-11-07T11:13:43","modified_gmt":"2023-11-07T14:13:43","slug":"red-de-empresas-inclusivas-desarrollaran-el-programa-valorame","status":"publish","type":"post","link":"https:\/\/paginacero.com.uy\/?p=2764","title":{"rendered":"Red de Empresas Inclusivas desarrollar\u00e1n el programa \u201cVal\u00f3rame\u201d"},"content":{"rendered":"<p><strong>Una iniciativa de la Red de Empresas Inclusivas, financiada y co-ejecutada por el Instituto Nacional de Empleo y Formaci\u00f3n Profesional (Inefop), con el apoyo de la compa\u00f1\u00eda BASF.<\/strong><!--more--><\/p>\n<p>tiene por objetivo ofrecer un ciclo de talleres de formaci\u00f3n a personas con discapacidad y a sus familias, en caso de estar interesadas para el desarrollo de emprendimientos locales, y posteriormente brindarles la posibilidad de integrarse como proveedores en empresas de diferentes rubros. En la Conferencia de presentaci\u00f3n participaron el Intendente Interino Domingo Rielli; Virginia Barrera encargada de proyectos inclusivos de Inefop; Fernando Carotta Derudder, Director Ejecutivo de la Red de Empresas Inclusivas; V\u00edctor Larregui, Director de Mides en Durazno; los Directores de la IDD, Claudio Pi\u00f1eyro (Desarrollo y Medio Ambiente) y Luis Iturria (Promoci\u00f3n Social); Susana Bed\u00e1t, Gerente del Centro Comercial e Industrial de Durazno, dem\u00e1s autoridades, funcionarios y medios de comunicaci\u00f3n, qued\u00f3 abierta la convocatoria exclusivamente para personas con discapacidad que residan en el departamento de Durazno y que se encuentren interesadas en recibir formaci\u00f3n en el marco de este programa. \u201cEl agradecimiento a todos por permitirnos llegar a toda la poblaci\u00f3n de Durazno por un tema muy sensible para la Intendencia c\u00f3mo lo es la inclusi\u00f3n de personas con discapacidad en el mercado laboral. Indudablemente que la Intendencia a trav\u00e9s del gobierno de profesor Vidal\u00edn ha sido una abanderada en cuanto a generar trabajos y a generar empleo para las personas con discapacidad, pero en este caso tenemos el gusto de recibir a Inefop, a Mides, al Centro Comercial y a la Red de Empresas Inclusivas, para poder realizar una serie de talleres y de alguna forma la capacitaci\u00f3n necesaria para que las personas de todo el departamento con alguna discapacidad pueden ingresar al mercado laboral\u201d dijo Rielli.<\/p>\n<p>\u201cCreemos que es un tema sensible e importante para las personas con alguna discapacidad y tambi\u00e9n para toda la familia de los mismos, el poderse insertar en el mercado laboral, ello da sin lugar a dudas la libertad necesaria para afrontar a la vida con otras expectativas y tambi\u00e9n nos da la posibilidad a nosotros de realizar una inclusi\u00f3n verdadera, que realmente valoramos much\u00edsimo y que a nosotros desde aqu\u00ed de la Intendencia cuando lo podemos trabajar nos llena de orgullo porque dejan el alma en la cancha para hacer que las cosas salgan de la mejor manera, por eso nos parece un momento muy importante para la Intendencia poder hacer el anuncio que desde hoy y hasta el 3 de diciembre se van a estar llevando a cabo las inscripciones para una posibilidad muy importante para todos los durazneses que quieran insertarse en el mercado laboral cuando cuenten con alguna discapacidad, pero que realmente sabemos que son poseedores de much\u00edsimas virtudes que nos llenan tambi\u00e9n de ganas de poder realizar esta serie de talleres y poderlos capacitar para que las empresas p\u00fablicas y privadas le den la oportunidad necesaria que necesitan en la vida\u201d agreg\u00f3.<\/p>\n<p>Virginia Barrera, encargada de proyectos inclusivos de Inefop manifest\u00f3 que \u201cqueremos contarles estamos impulsando un programa que es bastante m\u00e1s amplio, tiene que ver con la inclusi\u00f3n de personas con discapacidad, se llama Programa Inclusivos y lo que pretende es poder llegar a todos los departamentos del pa\u00eds a trav\u00e9s de distintos proyectos inclusivos con asociaci\u00f3n con organizaciones privadas y con empresas que puedan ejecutar este tipo de iniciativas. En este sentido al d\u00eda de hoy ya hemos realizado dos convocatorias, tuvimos dos ventanillas abiertas para este programa, actualmente estamos ejecutando siete proyectos integrales\u201d.<\/p>\n<p>\u201cEstos proyectos lo que buscan es fomentar la empleabilidad de las personas con discapacidad a trav\u00e9s de capacitaci\u00f3n, formaci\u00f3n profesional y acompa\u00f1amiento para la inserci\u00f3n laboral, uno de estos proyectos que estamos actualmente ejecutando es el proyecto Val\u00f3rame,estamos ejecutando en los 19 departamentos del pa\u00eds y se trata de poder fomentar la empleabilidad de las personas con discapacidad a trav\u00e9s del emprendedurismo, en este caso particular el pr\u00f3ximo mes en diciembre seguramente va a estar abierta tambi\u00e9n la convocatoria en Durazno as\u00ed que ya les invito a poder acercarse y consultar. Me pueden escribir al mail proyectosinclusivos@org.uy y ah\u00ed les puedo brindar respuestas sobre este programa\u201d agreg\u00f3.<\/p>\n<p>\u201cPara el lanzamiento a postulaci\u00f3n tanto de empresas como organizaciones para poder propiciar la inclusi\u00f3n de las personas con discapacidad en el mundo del empleo, estamos haciendo desde el Instituto otras iniciativas que fomentan la inclusi\u00f3n de las personas con discapacidad, como el trabajo a trav\u00e9s de la capacitaci\u00f3n en Lengua de Se\u00f1as, el trabajo de sensibilizaci\u00f3n a las empresas<\/p>\n<p>para que puedan incluir personas con discapacidad, estamos haciendo un proyecto con Mides de poder generar operadores laborales dentro de las empresas, dentro del \u00e1rea de gesti\u00f3n humana para que puedan incluir personas con discapacidad de sus empresas, estamos como haciendo varias iniciativas en simult\u00e1neo para poder fomentar la empleabilidad de las personas con discapacidad. En este caso presentando el proyecto Val\u00f3rame es el que tiene prioridad en Durazno\u201d agreg\u00f3.<\/p>\n<p>Fernando Carotta es el encargado de la Red de Empresas Inclusivas, vitales para llevar adelante los proyectos, que hoy en Durazno rondan las 30 y cuyo registro sigue abierto.<\/p>\n<p>\u201cEs muy particular traer una buena noticia, es que estamos lanzando este programa Val\u00f3rame, estamos abriendo las inscripciones a nivel este territorio para participar. Desde el a\u00f1o pasado hab\u00edamos asumido este compromiso cuando vinimos a este departamento a presentar en esta misma sala lo que era la Red de Empresas Inclusivas, que es una organizaci\u00f3n que se fund\u00f3 hace ya dos a\u00f1os y tiene como marco la Organizaci\u00f3n Internacional del Trabajo a trav\u00e9s de su Red de Empresas, que est\u00e1 formada actualmente en todo el mundo por 38 agrupaciones. El objetivo es la empleabilidad de las personas con discapacidad y dentro de esta iniciativa de la red tenemos 14 proyectos en ejecuci\u00f3n\u201d dijo.<\/p>\n<p>\u201cEl a\u00f1o pasado anunci\u00e1bamos el programa Val\u00f3rame como un proyecto que felizmente tuvo la aprobaci\u00f3n y el consenso de Inefop que va a ser quien estar\u00e1 ejecutando o financiando esto y que nos va a permitir llegar a todo el pa\u00eds para promover el desarrollo de emprendimientos locales en todo el Uruguay\u201d agreg\u00f3.<\/p>\n<p>Est\u00e1n abiertas las inscripciones para participar, tanto de empresas inclusivas como de personas con discapacidad.<\/p>\n<p>\u201cLo que estamos haciendo con este programa es abriendo las inscripciones que tienen como fin promover de nuevo la creaci\u00f3n de emprendimientos locales liderados por personas con discapacidad, por tanto est\u00e1 orientado a personas con discapacidad en todo el territorio del departamento. Las inscripciones van a quedar abiertas hasta el pr\u00f3ximo 3 de diciembre, claramente los cursos son gratuitos, tiene la particularidad adem\u00e1s de que van a poder inscribirse, si as\u00ed lo desean, a sus familiares identificando que dentro de su n\u00facleo familiar y en el marco de la independencia de su decisi\u00f3n y su autonom\u00eda personal, resuelven que esas personas pueden acompa\u00f1arlos en el \u00e9xito del proyecto. Tambi\u00e9n esas personas van a poder participar de estas capacitaciones, una vez que cerremos ese plazo vamos a dise\u00f1ar en funci\u00f3n del grupo de gente que se anote, el lugar donde se va a realizar la capacitaci\u00f3n, suponemos que va a ser en la capital departamental pero depender\u00e1 de las personas que se anoten, donde hay mayormente anotados y los talleres van a estar compuestos por tres m\u00f3dulos en el cual lo que pretendemos es dejar capacidad instalada en esas personas para que tengan \u00e9xito en esa idea de desarrollo de emprendimiento, no nos vamos a quedar solamente con la capacitaci\u00f3n sino que luego de compartir o de participar de esas tres instancias, van a tener la posibilidad de desarrollar un proyecto, una idea de negocio y luego presentarla a las 30 empresas que hoy tiene la Red\u201d dijo.<\/p>\n<p>La red ha crecido significativamente en este \u00faltimo a\u00f1o, luego de la difusi\u00f3n del trabajo que llevan adelante.<\/p>\n<p>\u201cCuando el a\u00f1o pasado estuvimos en este departamento est\u00e1bamos rondando las primeras 15, hoy estamos acerc\u00e1ndonos las treinta entre fundadores y comprometidas, empresas de diferentes rubros de actividad lo cual creo que nos permite y nos enriquece para generar oportunidades de negocio diversas, por tanto la invitaci\u00f3n est\u00e1 planteada, obviamente la inscripci\u00f3n es gratuita, hay v\u00edas de comunicaci\u00f3n, seguramente tanto los equipos del gobierno departamental como el Ministerio de Desarrollo Social nos van a ayudar en la en la convocatoria y desde ya se pueden anotar a trav\u00e9s de un correo electr\u00f3nico que contacto@empresas inclusivas.org.uy o al WhatsApp que es el 094854460 que es un canal m\u00e1s r\u00e1pido y m\u00e1s directo de comunicaci\u00f3n\u201d indic\u00f3.<\/p>\n<p>Los talleres de formaci\u00f3n tambi\u00e9n tendr\u00e1n un alto componente de motivaci\u00f3n para las personas con discapacidad.<\/p>\n<p>\u201cEstamos muy contentos de hecho dentro de esa capacitaci\u00f3n uno de los m\u00f3dulos donde se relatar\u00e1 la experiencia vivencial, desde la Red conocemos hoy personas con discapacidad en diferentes puntos del pa\u00eds que antes de este programa ya hab\u00edan generado emprendimientos y est\u00e1n hoy trabajando, viviendo, teniendo autonom\u00eda personal y econ\u00f3mica a partir de la generaci\u00f3n de estos emprendimientos y ellos en primera persona van a contar cu\u00e1l fue su experiencia y su trayecto en<\/p>\n<p>estas iniciativas. Por tanto m\u00e1s all\u00e1 de lo te\u00f3rico tambi\u00e9n vamos a abordar un tema pr\u00e1ctico, lo vamos a hacer a trav\u00e9s de tres docentes que van a estar participando aqu\u00ed en el departamento de Durazno y claramente la invitaci\u00f3n est\u00e1 planteada para que todos puedan inscribirse, participar y solicitar informaci\u00f3n\u201d finaliz\u00f3.<\/p>\n","protected":false},"excerpt":{"rendered":"<p>Una iniciativa de la Red de Empresas Inclusivas, financiada y co-ejecutada por el Instituto Nacional de Empleo y Formaci\u00f3n Profesional (Inefop), con el apoyo de la compa\u00f1\u00eda BASF.<\/p>\n","protected":false},"author":4,"featured_media":2765,"comment_status":"closed","ping_status":"closed","sticky":false,"template":"","format":"standard","meta":{"footnotes":""},"categories":[5],"tags":[],"class_list":["post-2764","post","type-post","status-publish","format-standard","has-post-thumbnail","hentry","category-durazno"],"_links":{"self":[{"href":"https:\/\/paginacero.com.uy\/index.php?rest_route=\/wp\/v2\/posts\/2764","targetHints":{"allow":["GET"]}}],"collection":[{"href":"https:\/\/paginacero.com.uy\/index.php?rest_route=\/wp\/v2\/posts"}],"about":[{"href":"https:\/\/paginacero.com.uy\/index.php?rest_route=\/wp\/v2\/types\/post"}],"author":[{"embeddable":true,"href":"https:\/\/paginacero.com.uy\/index.php?rest_route=\/wp\/v2\/users\/4"}],"replies":[{"embeddable":true,"href":"https:\/\/paginacero.com.uy\/index.php?rest_route=%2Fwp%2Fv2%2Fcomments&post=2764"}],"version-history":[{"count":1,"href":"https:\/\/paginacero.com.uy\/index.php?rest_route=\/wp\/v2\/posts\/2764\/revisions"}],"predecessor-version":[{"id":2766,"href":"https:\/\/paginacero.com.uy\/index.php?rest_route=\/wp\/v2\/posts\/2764\/revisions\/2766"}],"wp:featuredmedia":[{"embeddable":true,"href":"https:\/\/paginacero.com.uy\/index.php?rest_route=\/wp\/v2\/media\/2765"}],"wp:attachment":[{"href":"https:\/\/paginacero.com.uy\/index.php?rest_route=%2Fwp%2Fv2%2Fmedia&parent=2764"}],"wp:term":[{"taxonomy":"category","embeddable":true,"href":"https:\/\/paginacero.com.uy\/index.php?rest_route=%2Fwp%2Fv2%2Fcategories&post=2764"},{"taxonomy":"post_tag","embeddable":true,"href":"https:\/\/paginacero.com.uy\/index.php?rest_route=%2Fwp%2Fv2%2Ftags&post=2764"}],"curies":[{"name":"wp","href":"https:\/\/api.w.org\/{rel}","templated":true}]}}