{"id":2725,"date":"2023-11-03T11:41:03","date_gmt":"2023-11-03T14:41:03","guid":{"rendered":"https:\/\/paginacero.com.uy\/?p=2725"},"modified":"2023-11-03T11:41:03","modified_gmt":"2023-11-03T14:41:03","slug":"espana-bautista-bozzano-en-la-seleccion-riojana","status":"publish","type":"post","link":"https:\/\/paginacero.com.uy\/?p=2725","title":{"rendered":"Espa\u00f1a: Bautista Bozzano en la Selecci\u00f3n Riojana"},"content":{"rendered":"<p>Por V\u00edctor Darwin Rodr\u00edguez VDR Producciones<!--more--><\/p>\n<p><b>Bautista Bozzano Sosa<\/b>, hijo del ex futbolista,\u00a0<b id=\"geom_inter_1699022415937_32_102\">Leonel Bozzano Iniciarte<\/b>, sigue dando que hablar en tierras espa\u00f1olas, en donde est\u00e1n radicados desde hace varios a\u00f1os en Logro\u00f1o.<\/p>\n<p id=\"geom_inter_1699022415938_99_104\" class=\"x_MsoNormal\"><span id=\"geom_inter_1699022415937_76_103\" style=\"font-size: large;\">El ni\u00f1o-adolescente, de 13 a\u00f1os de edad fue confirmado esta semana en el plantel definitivo de la\u00a0<b>Selecci\u00f3n de la Liga Riojana de F\u00fatbol<\/b>, que el pr\u00f3ximo fin de semana jugar\u00e1 en Alc\u00e1zar de San Juan, Ciudad Real a 150 kil\u00f3metros al Sur de Madrid, partidos de clasificaci\u00f3n ante los vecinos, Navarra y Castilla La Mancha, en la primera fase de clasificaci\u00f3n del Campeonato Espa\u00f1ol categor\u00eda Sub 14.<\/span><\/p>\n<p class=\"x_MsoNormal\"><span style=\"font-size: large;\">Bautista, integra un plantel de 18 y es el \u00fanico delantero centro convocado en el plantel, siendo jugador del\u00a0<b>Club Mareo de Logro\u00f1o<\/b>.<\/span><\/p>\n<p class=\"x_MsoNormal\"><span style=\"font-size: large;\">\u00a0<\/span><\/p>\n<p class=\"x_MsoNormal\"><span style=\"font-size: large;\">Nacido en Montevideo, a los dos a\u00f1os de edad lleg\u00f3 con su familia a Espa\u00f1a y es un apasionado del f\u00fatbol.<\/span><\/p>\n<p class=\"x_MsoNormal\"><span style=\"font-size: large;\">Desde las categor\u00edas formativas (\u00abcanteranas\u00bb en Espa\u00f1a) destaca por su juego vertical y goleo permanente en cada temporada y sus destacadas actuaciones, a sus 13 a\u00f1os de edad, le han valido ser convocado a la Selecci\u00f3n de la\u00a0<b>Federaci\u00f3n Riojana de F\u00fatbol Sub 14.<\/b><\/span><\/p>\n<p id=\"geom_inter_1699022432947_28_110\" class=\"x_MsoNormal\"><span id=\"geom_inter_1699022432944_33_105\" style=\"font-size: large;\">Alc\u00e1zar de San Juan es un municipio y ciudad espa\u00f1ola ubicada en el noreste de la provincia de Ciudad Real, en la comunidad aut\u00f3noma de Castilla-La Mancha. Pertenece a la subcomarca de Campo de San Juan y comarca de La Mancha y cuenta con una poblaci\u00f3n de 30.516 habitantes.<\/span><\/p>\n","protected":false},"excerpt":{"rendered":"<p>Por V\u00edctor Darwin Rodr\u00edguez VDR Producciones<\/p>\n","protected":false},"author":4,"featured_media":2726,"comment_status":"closed","ping_status":"closed","sticky":false,"template":"","format":"standard","meta":{"footnotes":""},"categories":[5],"tags":[],"class_list":["post-2725","post","type-post","status-publish","format-standard","has-post-thumbnail","hentry","category-durazno"],"_links":{"self":[{"href":"https:\/\/paginacero.com.uy\/index.php?rest_route=\/wp\/v2\/posts\/2725","targetHints":{"allow":["GET"]}}],"collection":[{"href":"https:\/\/paginacero.com.uy\/index.php?rest_route=\/wp\/v2\/posts"}],"about":[{"href":"https:\/\/paginacero.com.uy\/index.php?rest_route=\/wp\/v2\/types\/post"}],"author":[{"embeddable":true,"href":"https:\/\/paginacero.com.uy\/index.php?rest_route=\/wp\/v2\/users\/4"}],"replies":[{"embeddable":true,"href":"https:\/\/paginacero.com.uy\/index.php?rest_route=%2Fwp%2Fv2%2Fcomments&post=2725"}],"version-history":[{"count":1,"href":"https:\/\/paginacero.com.uy\/index.php?rest_route=\/wp\/v2\/posts\/2725\/revisions"}],"predecessor-version":[{"id":2727,"href":"https:\/\/paginacero.com.uy\/index.php?rest_route=\/wp\/v2\/posts\/2725\/revisions\/2727"}],"wp:featuredmedia":[{"embeddable":true,"href":"https:\/\/paginacero.com.uy\/index.php?rest_route=\/wp\/v2\/media\/2726"}],"wp:attachment":[{"href":"https:\/\/paginacero.com.uy\/index.php?rest_route=%2Fwp%2Fv2%2Fmedia&parent=2725"}],"wp:term":[{"taxonomy":"category","embeddable":true,"href":"https:\/\/paginacero.com.uy\/index.php?rest_route=%2Fwp%2Fv2%2Fcategories&post=2725"},{"taxonomy":"post_tag","embeddable":true,"href":"https:\/\/paginacero.com.uy\/index.php?rest_route=%2Fwp%2Fv2%2Ftags&post=2725"}],"curies":[{"name":"wp","href":"https:\/\/api.w.org\/{rel}","templated":true}]}}