{"id":2722,"date":"2023-11-03T11:25:01","date_gmt":"2023-11-03T14:25:01","guid":{"rendered":"https:\/\/paginacero.com.uy\/?p=2722"},"modified":"2023-11-03T11:25:01","modified_gmt":"2023-11-03T14:25:01","slug":"mujeres-en-la-paloma-festejaron","status":"publish","type":"post","link":"https:\/\/paginacero.com.uy\/?p=2722","title":{"rendered":"Mujeres en La Paloma festejaron"},"content":{"rendered":"<p><strong>\u201cEsta jornada que se hizo el s\u00e1bado 28 para festejar el D\u00eda de la Mujer Rural fue una propuesta que recibimos por parte de Jaqueline Gonnet, la Directora del Ministerio de Ganader\u00eda de nuestro departamento\u201d dijo Viviana Rivas, una de las organizadoras desde la Junta Local de La Paloma.<\/strong><!--more--><\/p>\n<p>\u201cJaqueline me llam\u00f3 para proponerme festejarlo ac\u00e1 en nuestra localidad y en el predio de la Gruta de La Llorona, lo consult\u00e9 con el secretario Heber Lain, \u00e9l estuvo totalmente de acuerdo y ah\u00ed comenz\u00f3 la organizaci\u00f3n entre el Ministerio de Ganader\u00eda y nosotros, junto a la Junta Local de La Paloma y principalmente Andrea, mi compa\u00f1era y yo que somos funcionarios municipales, pero que tambi\u00e9n estamos trabajando en el Centro de Cercan\u00eda. Organizamos a ver qu\u00e9 pod\u00edamos hacer, como siempre cuando se trata de de este tipo de eventos lo primero que hacemos es invitar a los emprendedores, hacer una Expo Feria de Emprendedores de la zona, invitarlos a todos\u201d agreg\u00f3.<\/p>\n<p>\u201cLas cercan\u00edas incluyen a poblados como La Alegr\u00eda, Cuchilla Ram\u00edrez, Paso Ram\u00edrez, Paso del Gordo, Blanquillo, Sarand\u00ed del Y\u00ed, Carmen, Durazno y ahora que tenemos el puente, San Gregorio donde tambi\u00e9n tenemos una muy buena receptividad de los emprendedores que hay ah\u00ed en esa localidad\u201d cont\u00f3.<\/p>\n<p>Las redes sociales fueron la forma m\u00e1s activa de invitar a los involucrados en la fiesta.<\/p>\n<p>\u201cLa movida la invitaci\u00f3n a los emprendedores fue a trav\u00e9s de las redes sociales, a trav\u00e9s de WhatsApp, a trav\u00e9s de facebook, a trav\u00e9s de messenger, despu\u00e9s que hicimos los las invitaciones empezamos a pasar a todos los que conocemos y se tuvo una muy linda recepci\u00f3n y tambi\u00e9n colaboraci\u00f3n. En esta oportunidad por primera vez vinieron emprendedores del Carmen, a quienes les agradecemos por llegar hasta ac\u00e1\u201d agreg\u00f3.<\/p>\n<p>La fiesta, dirigida a las mujeres rurales, fue un evento que se extendi\u00f3 durante todo el d\u00eda, con expo muestra, talleres de motivaci\u00f3n y testimonios.<\/p>\n<p>\u201cEl evento se realiz\u00f3 desde las 9 de la ma\u00f1ana hasta las 18:30, se empez\u00f3 con la llegada y recibimiento a todos los emprendedores que ven\u00edan ya que la mayor\u00eda no los conoc\u00edamos, se fueron instalando, se le fue dando un lugar para que este instalaran con su emprendimiento, hubo una charla motivadora a cargo de Carolina \u00c1lvarez, se invit\u00f3 a mujeres de aqu\u00ed de la zona para que dieran su testimonio de emprendimiento, que las movi\u00f3 a ser mujer rural y adem\u00e1s emprender. Para esos testimonios se convoc\u00f3 a Mar\u00eda Gladys Pintos de Cuchilla de Ram\u00edrez que es hacendada y que es integrante del grupo Sabores de Ram\u00edrez que hacen mermeladas y licores, despu\u00e9s de Paso del Gordo se invit\u00f3 a Liliana Casas que ella es maestra, tambi\u00e9n este vive en el campo y tiene un proyecto de una casa de campo como un hotel que se llama Las Pitangas\u201d dijo.<\/p>\n<p>\u201cDe Sarand\u00ed del Y\u00ed se invit\u00f3 a Mary Lain que es una emprendedora que est\u00e1 est\u00e1 en el rubro macram\u00e9 que hace unos atrapasue\u00f1os hermosos y ahora est\u00e1 en el proyecto de la huerta comunitaria, entonces ella tambi\u00e9n tiene unas historias de vida muy lindas, de sacrificio y de superaci\u00f3n, tambi\u00e9n se convoc\u00f3 a Rosita Lamadrid que vive en Cerro Chato en el departamento de Florida, qu era de ac\u00e1 de Las Palmas y trabaja en el rubro de lana cruda con su emprendimiento \u201cTejiendo sue\u00f1os\u201d y tambi\u00e9n tiene una historia de si bien ha sido de sacrificio, superaci\u00f3n y esmero es una historia linda, motivadora, que alienta a los dem\u00e1s. Otra emprendedora que cont\u00f3 su proyecto es del Carmen, se llama Silvia Sorozabal y tiene un emprendimiento que es Montana que son prendas de vestir de campo, un emprendimiento muy lindo y ella aparte de eso es profesora de corte y confecci\u00f3n, por lo cual su historia es bien motivadora para todos\u201d.<\/p>\n<p>A cada una de las emprendedoras que brindaron su testimonio se les entreg\u00f3 un obsequio por parte de la organizaci\u00f3n.<\/p>\n<p>El evento se complet\u00f3 con eventos culturales, el Ballet Folkl\u00f3rico de San Gregorio de Polanco, un grupo folkl\u00f3rico de Florida llamado \u201cDo\u00f1a Carmen\u201d y adem\u00e1s se produjo el intercambio entre quienes participaron de la actividad.<\/p>\n<p>La mujer rural y la localidad de La Paloma tienen un estrecho relacionamiento \u201cac\u00e1 estamos rodeados por campa\u00f1a, tenemos parajes a 20 y 30 km de aqu\u00ed, Paso del Gordo, Cuchilla Ram\u00edrez, Paso Ram\u00edrez, La Alegr\u00eda, entonces hay una conexi\u00f3n constante entre nuestro pueblo con la campa\u00f1a porque la gente viene ac\u00e1 a hacer los surtidos, vienen a la peluquer\u00eda\u201d.<\/p>\n<p>Los eventos en la localidad se repiten peri\u00f3dicamente, con la organizaci\u00f3n casi siempre a cargo de la Junta Local.<\/p>\n<p>\u201cDesde la Junta a iniciativa de funcionarios llevamos adelante la propuesta, en este caso para celebrar el d\u00eda de la mujer rural contamos con el apoyo tambi\u00e9n de nuestros compa\u00f1eros. Tambien hay otras actividades, por ejemplo el D\u00eda del Ni\u00f1o se organiza una fiesta, se pide colaboraci\u00f3n a los vecinos, a los este a los comercios, a gente que siempre nos est\u00e1 colaborando y sabemos que nos da una mano. El 9 de diciembre se realiza el Festival de La Paloma y el 19 de diciembre est\u00e1 prevista la realizaci\u00f3n de la Segunda Feria del Centro que la hacemos en la Plaza y para la cual hacemos una convocatoria a los emprendedores y comercios de la vuelta que quieran ir a la plaza a instalarse con lo que vendan\u201d agreg\u00f3.<\/p>\n<p>Aunque actualmente est\u00e1 en receso, la localidad cuenta con un grupo de mujeres que trabaja en variadas propuestas.<\/p>\n<p>\u201cTenemos un grupo que se llama Mujeres Unidas de La Paloma que comenz\u00f3 a funcionar en el 2017, justamente por iniciativa de Jaqueline que siempre estuvo en contacto ac\u00e1, ella fue la que impuls\u00f3 a hacer ese grupo y empezar con ferias en la plaza, uni\u00e9ndonos. Ahora ese grupo est\u00e1 en receso, pero seguramente en alg\u00fan momento comience a reactivarse\u201d finaliz\u00f3 diciendo.<\/p>\n","protected":false},"excerpt":{"rendered":"<p>\u201cEsta jornada que se hizo el s\u00e1bado 28 para festejar el D\u00eda de la Mujer Rural fue una propuesta que recibimos por parte de Jaqueline Gonnet, la Directora del Ministerio de Ganader\u00eda de nuestro departamento\u201d dijo Viviana Rivas, una de las organizadoras desde la Junta Local de La Paloma.<\/p>\n","protected":false},"author":4,"featured_media":2723,"comment_status":"closed","ping_status":"closed","sticky":false,"template":"","format":"standard","meta":{"footnotes":""},"categories":[5,17],"tags":[],"class_list":["post-2722","post","type-post","status-publish","format-standard","has-post-thumbnail","hentry","category-durazno","category-suplemento-mujer"],"_links":{"self":[{"href":"https:\/\/paginacero.com.uy\/index.php?rest_route=\/wp\/v2\/posts\/2722","targetHints":{"allow":["GET"]}}],"collection":[{"href":"https:\/\/paginacero.com.uy\/index.php?rest_route=\/wp\/v2\/posts"}],"about":[{"href":"https:\/\/paginacero.com.uy\/index.php?rest_route=\/wp\/v2\/types\/post"}],"author":[{"embeddable":true,"href":"https:\/\/paginacero.com.uy\/index.php?rest_route=\/wp\/v2\/users\/4"}],"replies":[{"embeddable":true,"href":"https:\/\/paginacero.com.uy\/index.php?rest_route=%2Fwp%2Fv2%2Fcomments&post=2722"}],"version-history":[{"count":1,"href":"https:\/\/paginacero.com.uy\/index.php?rest_route=\/wp\/v2\/posts\/2722\/revisions"}],"predecessor-version":[{"id":2724,"href":"https:\/\/paginacero.com.uy\/index.php?rest_route=\/wp\/v2\/posts\/2722\/revisions\/2724"}],"wp:featuredmedia":[{"embeddable":true,"href":"https:\/\/paginacero.com.uy\/index.php?rest_route=\/wp\/v2\/media\/2723"}],"wp:attachment":[{"href":"https:\/\/paginacero.com.uy\/index.php?rest_route=%2Fwp%2Fv2%2Fmedia&parent=2722"}],"wp:term":[{"taxonomy":"category","embeddable":true,"href":"https:\/\/paginacero.com.uy\/index.php?rest_route=%2Fwp%2Fv2%2Fcategories&post=2722"},{"taxonomy":"post_tag","embeddable":true,"href":"https:\/\/paginacero.com.uy\/index.php?rest_route=%2Fwp%2Fv2%2Ftags&post=2722"}],"curies":[{"name":"wp","href":"https:\/\/api.w.org\/{rel}","templated":true}]}}