{"id":2670,"date":"2023-10-31T10:34:02","date_gmt":"2023-10-31T13:34:02","guid":{"rendered":"https:\/\/paginacero.com.uy\/?p=2670"},"modified":"2023-10-31T10:34:02","modified_gmt":"2023-10-31T13:34:02","slug":"docentes-finalizaron-nueva-formacion-de-fundacion-varkey","status":"publish","type":"post","link":"https:\/\/paginacero.com.uy\/?p=2670","title":{"rendered":"Docentes finalizaron nueva formaci\u00f3n de Fundaci\u00f3n Varkey"},"content":{"rendered":"<p><strong>El s\u00e1bado culmin\u00f3 una instancia de capacitaci\u00f3n que tuvo como protagonistas a unos 30 docentes de Durazno, involucrando localidades cercanas a Sarand\u00ed del Y\u00ed, con el objetivo de formarlos en la tem\u00e1tica de Innovaci\u00f3n Educativa y Liderazgo institucional.<\/strong><!--more--><\/p>\n<p>\u201cBuscando seguir construyendo oportunidades para las comunidades, y con la convicci\u00f3n que la educaci\u00f3n es uno de los instrumentos m\u00e1s efectivos para promover el crecimiento y el desarrollo, invitamos a una nueva convocatoria para participar del Programa de Liderazgo e Innovaci\u00f3n Educativa, desarrollado por Fundaci\u00f3n Varkey. En esta oportunidad el curso estuvo dirigido a directores y docentes de instituciones educativas de todos los niveles, de las ciudades de San Gregorio de Polanco, Sarand\u00ed del Y\u00ed, El Carmen y zonas rurales cercanas. El programa apunt\u00f3 a crear comunidades de l\u00edderes sostenibles en el tiempo, brind\u00e1ndoles herramientas para potenciar las competencias de los directores y docentes de la zona\u201d indicaron los docentes, provenientes de Chile y Argentina.<\/p>\n<p>La formaci\u00f3n estuvo promovida por Fundaci\u00f3n UPM,que nace en Fray Bentos hace m\u00e1s de 15 a\u00f1os con el objetivo de acompa\u00f1ar el desarrollo de la comunidad. Junto al crecimiento de las operaciones de UPM, la fundaci\u00f3n se fue expandiendo y afinando su visi\u00f3n de ser un instrumento para contribuir al fortalecimiento de las comunidades en el largo plazo. Para ello, se impulsan proyectos y ofrecen becas de capacitaci\u00f3n educativas en el interior del pa\u00eds. Todos los proyectos son liderados por organizaciones l\u00edderes en su \u00e1mbito. En los \u00faltimos tres a\u00f1os, la Fundaci\u00f3n ejecut\u00f3 65 proyectos impactando en m\u00e1s de 5.000 personas de unas 100 comunidades del interior del pa\u00eds.<\/p>\n<p>Durante cinco meses, los docentes tuvieron instancias virtuales sincr\u00f3nicas y presenciales, estas dos \u00faltimas en la ciudad de Sarand\u00ed del Y\u00ed para crear y fortalecer los conceptos de innovaci\u00f3n en el \u00e1rea educativa y liderazgo en el aula.<\/p>\n<p>\u201cLos participantes en el curso fueron evaluados a trav\u00e9s de un portfolio cuyo objetivo es integrar la teor\u00eda vista en cada m\u00f3dulo a la realidad de la propia instituci\u00f3n. Cada participante ir\u00e1 creando su propia carpeta que es evaluada y retroalimentada por los facilitadores del programa. A su vez, a lo largo de la propuesta los participantes tienen que realizar un diagn\u00f3stico de su instituci\u00f3n y dise\u00f1ar un proyecto de mejora conocido como Proyecto de Innovaci\u00f3n Escolar (PIE). Se dedican sesiones espec\u00edficas para su realizaci\u00f3n y socializaci\u00f3n. La entrega final fue evaluada por los facilitadores del programa y su implementaci\u00f3n escolar es acompa\u00f1ada por la Fundaci\u00f3n\u201d indicaron.<\/p>\n<p>Actualmente, el programa de capacitaci\u00f3n se implementa en Mendoza, Corrientes, Salta y Jujuy gracias al apoyo del Ministerio de Educaci\u00f3n Nacional y de los Ministerios de Educaci\u00f3n provinciales. M\u00e1s de 7.100 directores y docentes ya pasaron por nuestras aulas y ahora se encuentran de regreso en sus escuelas implementando Proyectos de Innovaci\u00f3n Escolar.<\/p>\n<p>\u201cEl programa incluye la elaboraci\u00f3n de un Proyecto de Innovaci\u00f3n Escolar que complementa la formaci\u00f3n de los participantes y que la Fundaci\u00f3n acompa\u00f1a y fortalece una vez de regreso en sus escuelas. Este constituye el segundo principio transformador. Los participantes se congregan en mesas redondas y se los estimula a compartir las problem\u00e1ticas espec\u00edficas que viven en cada una de sus escuelas. Una clave en este sentido es reunir a participantes de diferentes niveles, modalidades y regiones ya que en la diversidad de trayectorias y experiencias pedag\u00f3gicas se enriquece el di\u00e1logo. El programa est\u00e1 basado en los principios de la construcci\u00f3n social del conocimiento. Estimula el intercambio de experiencias y la revalorizaci\u00f3n del rol docente y directivo. Para que el trabajo en equipo y la colaboraci\u00f3n entre los participantes sea exitosa debe generarse confianza entre colegas\u201d dijeron.<\/p>\n<p>\u201cSe hace foco en el \u201cnosotros\u201d. Los participantes comienzan a sentirse parte de una comunidad de directores, y, a su vez, redescubren el significado de pertenecer a un equipo de colegas, dentro de sus escuelas, con quienes socializar e impulsar el cambio. El objetivo de este programa es otorgarle a directores de escuelas del pa\u00eds las herramientas y habilidades necesarias para potenciar sus capacidades de liderazgo y as\u00ed mejorar la calidad educativa de sus instituciones\u201d finalizaron diciendo los responsables de la capacitaci\u00f3n, que el s\u00e1bado tuvo la entrega de diplomas finales.<\/p>\n","protected":false},"excerpt":{"rendered":"<p>El s\u00e1bado culmin\u00f3 una instancia de capacitaci\u00f3n que tuvo como protagonistas a unos 30 docentes de Durazno, involucrando localidades cercanas a Sarand\u00ed del Y\u00ed, con el objetivo de formarlos en la tem\u00e1tica de Innovaci\u00f3n Educativa y Liderazgo institucional.<\/p>\n","protected":false},"author":4,"featured_media":2672,"comment_status":"closed","ping_status":"closed","sticky":false,"template":"","format":"standard","meta":{"footnotes":""},"categories":[5],"tags":[],"class_list":["post-2670","post","type-post","status-publish","format-standard","has-post-thumbnail","hentry","category-durazno"],"_links":{"self":[{"href":"https:\/\/paginacero.com.uy\/index.php?rest_route=\/wp\/v2\/posts\/2670","targetHints":{"allow":["GET"]}}],"collection":[{"href":"https:\/\/paginacero.com.uy\/index.php?rest_route=\/wp\/v2\/posts"}],"about":[{"href":"https:\/\/paginacero.com.uy\/index.php?rest_route=\/wp\/v2\/types\/post"}],"author":[{"embeddable":true,"href":"https:\/\/paginacero.com.uy\/index.php?rest_route=\/wp\/v2\/users\/4"}],"replies":[{"embeddable":true,"href":"https:\/\/paginacero.com.uy\/index.php?rest_route=%2Fwp%2Fv2%2Fcomments&post=2670"}],"version-history":[{"count":1,"href":"https:\/\/paginacero.com.uy\/index.php?rest_route=\/wp\/v2\/posts\/2670\/revisions"}],"predecessor-version":[{"id":2673,"href":"https:\/\/paginacero.com.uy\/index.php?rest_route=\/wp\/v2\/posts\/2670\/revisions\/2673"}],"wp:featuredmedia":[{"embeddable":true,"href":"https:\/\/paginacero.com.uy\/index.php?rest_route=\/wp\/v2\/media\/2672"}],"wp:attachment":[{"href":"https:\/\/paginacero.com.uy\/index.php?rest_route=%2Fwp%2Fv2%2Fmedia&parent=2670"}],"wp:term":[{"taxonomy":"category","embeddable":true,"href":"https:\/\/paginacero.com.uy\/index.php?rest_route=%2Fwp%2Fv2%2Fcategories&post=2670"},{"taxonomy":"post_tag","embeddable":true,"href":"https:\/\/paginacero.com.uy\/index.php?rest_route=%2Fwp%2Fv2%2Ftags&post=2670"}],"curies":[{"name":"wp","href":"https:\/\/api.w.org\/{rel}","templated":true}]}}