{"id":247,"date":"2023-01-04T13:33:55","date_gmt":"2023-01-04T16:33:55","guid":{"rendered":"https:\/\/paginacero.com.uy\/?p=247"},"modified":"2023-01-04T13:33:55","modified_gmt":"2023-01-04T16:33:55","slug":"viernes-6-llamadas-de-san-baltasar","status":"publish","type":"post","link":"https:\/\/paginacero.com.uy\/?p=247","title":{"rendered":"Viernes 6 \u201cLlamadas de San Baltasar\u201d"},"content":{"rendered":"<p>El pr\u00f3ximo viernes 6 de enero, en el marco de la festividad del \u201cD\u00eda de Reyes\u201d, se realizar\u00e1 en Durazno la edici\u00f3n 2023 de las \u201cLlamadas de San Baltasar\u201d . <!--more-->El desfile de las comparsas comienza a la hora 21.00 desde calle Larra\u00f1aga y Petrona Tuboras, continuando por Larra\u00f1aga, hasta el monumento a las Primeras Llamadas del Interior del Pa\u00eds.<\/p>\n","protected":false},"excerpt":{"rendered":"<p>El pr\u00f3ximo viernes 6 de enero, en el marco de la festividad del \u201cD\u00eda de Reyes\u201d, se realizar\u00e1 en Durazno la edici\u00f3n 2023 de las \u201cLlamadas de San Baltasar\u201d .<\/p>\n","protected":false},"author":4,"featured_media":248,"comment_status":"closed","ping_status":"closed","sticky":false,"template":"","format":"standard","meta":{"_monsterinsights_skip_tracking":false,"_monsterinsights_sitenote_active":false,"_monsterinsights_sitenote_note":"","_monsterinsights_sitenote_category":0,"footnotes":""},"categories":[5],"tags":[],"class_list":["post-247","post","type-post","status-publish","format-standard","has-post-thumbnail","hentry","category-durazno"],"_links":{"self":[{"href":"https:\/\/paginacero.com.uy\/index.php?rest_route=\/wp\/v2\/posts\/247","targetHints":{"allow":["GET"]}}],"collection":[{"href":"https:\/\/paginacero.com.uy\/index.php?rest_route=\/wp\/v2\/posts"}],"about":[{"href":"https:\/\/paginacero.com.uy\/index.php?rest_route=\/wp\/v2\/types\/post"}],"author":[{"embeddable":true,"href":"https:\/\/paginacero.com.uy\/index.php?rest_route=\/wp\/v2\/users\/4"}],"replies":[{"embeddable":true,"href":"https:\/\/paginacero.com.uy\/index.php?rest_route=%2Fwp%2Fv2%2Fcomments&post=247"}],"version-history":[{"count":1,"href":"https:\/\/paginacero.com.uy\/index.php?rest_route=\/wp\/v2\/posts\/247\/revisions"}],"predecessor-version":[{"id":249,"href":"https:\/\/paginacero.com.uy\/index.php?rest_route=\/wp\/v2\/posts\/247\/revisions\/249"}],"wp:featuredmedia":[{"embeddable":true,"href":"https:\/\/paginacero.com.uy\/index.php?rest_route=\/wp\/v2\/media\/248"}],"wp:attachment":[{"href":"https:\/\/paginacero.com.uy\/index.php?rest_route=%2Fwp%2Fv2%2Fmedia&parent=247"}],"wp:term":[{"taxonomy":"category","embeddable":true,"href":"https:\/\/paginacero.com.uy\/index.php?rest_route=%2Fwp%2Fv2%2Fcategories&post=247"},{"taxonomy":"post_tag","embeddable":true,"href":"https:\/\/paginacero.com.uy\/index.php?rest_route=%2Fwp%2Fv2%2Ftags&post=247"}],"curies":[{"name":"wp","href":"https:\/\/api.w.org\/{rel}","templated":true}]}}