{"id":239,"date":"2023-01-04T11:57:40","date_gmt":"2023-01-04T14:57:40","guid":{"rendered":"https:\/\/paginacero.com.uy\/?p=239"},"modified":"2023-01-04T11:57:40","modified_gmt":"2023-01-04T14:57:40","slug":"llamado-a-proyectos-para-centros-maria-espinola","status":"publish","type":"post","link":"https:\/\/paginacero.com.uy\/?p=239","title":{"rendered":"Llamado a proyectos para Centros Mar\u00eda Esp\u00ednola"},"content":{"rendered":"<p><em>La Direcci\u00f3n del Programa de Educaci\u00f3n Media est\u00e1 llamando a talleristas para la presentaci\u00f3n de proyectos, en el marco de los talleres de extensi\u00f3n del tiempo pedag\u00f3gico en los Centros Mar\u00eda Esp\u00ednola, uno de los cuales funciona en nuestra ciudad en el Anexo Sand\u00fa ubicado contiguo a la Escuela N\u00b0 35.<\/em><!--more--><\/p>\n<p>Se podr\u00e1 presentar las propuestas hasta el 5 de febrero de 2023 inclusive, v\u00eda correo electr\u00f3nico seg\u00fan el Centro Mar\u00eda Esp\u00ednola al que se aspire. Los interesados deber\u00e1n cumplir con los art\u00edculos n.\u00b01 y 8 del Estatuto del Funcionario Docente y demostrar probada idoneidad en los aspectos vinculados al proyecto que postula.\u00a0 Al momento del env\u00edo del proyecto v\u00eda correo electr\u00f3nico, se deber\u00e1 incluir: copia de la c\u00e9dula de identidad vigente (ambos lados), copia de la credencial c\u00edvica, copia del carn\u00e9 de salud vigente, constancia de aprobaci\u00f3n de bachillerato que es un punto excluyente, CV y constancias de estudio que certifiquen lo declarado. Los Centros Mar\u00eda Esp\u00ednola promueven una pol\u00edtica focalizada en la Educaci\u00f3n Media B\u00e1sica dise\u00f1ada para mejorar los aprendizajes, el trayecto y el egreso de los estudiantes en situaci\u00f3n de vulnerabilidad educativa y social. El objetivo es mejorar los aprendizajes, disminuir la repetici\u00f3n y la desvinculaci\u00f3n educativa, ampliar el nivel de cobertura y aumentar los niveles de promoci\u00f3n de los estudiantes. Los centros referidos ofrecen una jornada de 8 horas diarias, donde los estudiantes cursan asignaturas, participan de talleres, realizan deportes, reciben tutor\u00edas, horas de apoyo y alimentaci\u00f3n.\u00a0 La tecnolog\u00eda y la educaci\u00f3n digital son ejes fundamentales de este proyecto, dada la importancia de adquirir las competencias adecuadas al desempe\u00f1o eficiente en el mundo virtual. Estas escuelas tambi\u00e9n ofrecen apoyo socioeducativo, al contar con psic\u00f3logos, psicopedagogos y redes con instituciones de la comunidad. Los tres pilares sobre los que se sustentan los Centros Mar\u00eda Esp\u00ednola son la extensi\u00f3n del tiempo pedag\u00f3gico con ocho horas de permanencia en el centro educativo, que incluye la realizaci\u00f3n de talleres extracurriculares, el trabajo en proyectos y la alimentaci\u00f3n, el rol de las figuras educativas como facilitador, coordinador de ense\u00f1anza, coordinador de actividades y participaci\u00f3n, y profesor de tecnolog\u00eda e innovaci\u00f3n y la participaci\u00f3n activa de la comunidad y de las familias de los estudiantes. El proyecto, que tambi\u00e9n se aplica en otras 28 instituciones a nivel nacional, promueven una pol\u00edtica focalizada en la Educaci\u00f3n Media B\u00e1sica dise\u00f1ada para mejorar los aprendizajes, el trayecto y el egreso de los estudiantes en situaci\u00f3n de vulnerabilidad educativa y social. El prop\u00f3sito de esta iniciativa est\u00e1 orientado a reducir la inequidad interna del sistema educativo, en el cual el 78% de los estudiantes que se encuentran en una situaci\u00f3n social m\u00e1s favorecida culmina el ciclo educativo secundario, y tan solo el 18% del quintil social menos favorecido alcanza esta meta.<\/p>\n","protected":false},"excerpt":{"rendered":"<p>La Direcci\u00f3n del Programa de Educaci\u00f3n Media est\u00e1 llamando a talleristas para la presentaci\u00f3n de proyectos, en el marco de los talleres de extensi\u00f3n del tiempo pedag\u00f3gico en los Centros Mar\u00eda Esp\u00ednola, uno de los cuales funciona en nuestra ciudad en el Anexo Sand\u00fa ubicado contiguo a la Escuela N\u00b0 35.<\/p>\n","protected":false},"author":4,"featured_media":240,"comment_status":"closed","ping_status":"closed","sticky":false,"template":"","format":"standard","meta":{"_monsterinsights_skip_tracking":false,"_monsterinsights_sitenote_active":false,"_monsterinsights_sitenote_note":"","_monsterinsights_sitenote_category":0,"footnotes":""},"categories":[5],"tags":[],"class_list":["post-239","post","type-post","status-publish","format-standard","has-post-thumbnail","hentry","category-durazno"],"_links":{"self":[{"href":"https:\/\/paginacero.com.uy\/index.php?rest_route=\/wp\/v2\/posts\/239","targetHints":{"allow":["GET"]}}],"collection":[{"href":"https:\/\/paginacero.com.uy\/index.php?rest_route=\/wp\/v2\/posts"}],"about":[{"href":"https:\/\/paginacero.com.uy\/index.php?rest_route=\/wp\/v2\/types\/post"}],"author":[{"embeddable":true,"href":"https:\/\/paginacero.com.uy\/index.php?rest_route=\/wp\/v2\/users\/4"}],"replies":[{"embeddable":true,"href":"https:\/\/paginacero.com.uy\/index.php?rest_route=%2Fwp%2Fv2%2Fcomments&post=239"}],"version-history":[{"count":1,"href":"https:\/\/paginacero.com.uy\/index.php?rest_route=\/wp\/v2\/posts\/239\/revisions"}],"predecessor-version":[{"id":241,"href":"https:\/\/paginacero.com.uy\/index.php?rest_route=\/wp\/v2\/posts\/239\/revisions\/241"}],"wp:featuredmedia":[{"embeddable":true,"href":"https:\/\/paginacero.com.uy\/index.php?rest_route=\/wp\/v2\/media\/240"}],"wp:attachment":[{"href":"https:\/\/paginacero.com.uy\/index.php?rest_route=%2Fwp%2Fv2%2Fmedia&parent=239"}],"wp:term":[{"taxonomy":"category","embeddable":true,"href":"https:\/\/paginacero.com.uy\/index.php?rest_route=%2Fwp%2Fv2%2Fcategories&post=239"},{"taxonomy":"post_tag","embeddable":true,"href":"https:\/\/paginacero.com.uy\/index.php?rest_route=%2Fwp%2Fv2%2Ftags&post=239"}],"curies":[{"name":"wp","href":"https:\/\/api.w.org\/{rel}","templated":true}]}}