{"id":12734,"date":"2026-09-05T15:33:01","date_gmt":"2026-09-05T18:33:01","guid":{"rendered":"https:\/\/paginacero.com.uy\/?p=12734"},"modified":"2026-09-05T15:33:01","modified_gmt":"2026-09-05T18:33:01","slug":"quedamos-seleccionados-para-ser-la-institucion-de-referencia","status":"publish","type":"post","link":"https:\/\/paginacero.com.uy\/?p=12734","title":{"rendered":"\u201cQuedamos seleccionados para ser la instituci\u00f3n de referencia\u201d"},"content":{"rendered":"<p class=\"Copete\"><strong><span lang=\"EN-US\">El Banco de Alimentos del Uruguay lleg\u00f3 a Durazno con el prop\u00f3sito de incorporar organizaciones beneficiarias y seleccion\u00f3 al Liceo Impacto como instituci\u00f3n de referencia para recibir y canalizar donaciones. La entrega incluy\u00f3 alimentos no perecederos y productos de higiene personal y belleza, distribuidos entre entidades sociales de la ciudad y de Carlos Reyles.<\/span><\/strong><\/p>\n<p>Foto: Javier Villasuso<!--more--><\/p>\n<p class=\"Cuerpo\"><span lang=\"EN-US\">El Banco de Alimentos visita Durazno con la intenci\u00f3n de encontrar organizaciones que puedan ser beneficiarias de su trabajo. Nosotros establecimos el contacto y quedamos seleccionados para ser la instituci\u00f3n de referencia; es decir, para ser quienes recibimos las donaciones. Sin embargo, no somos los \u00fanicos beneficiarios.<\/span><\/p>\n<p class=\"Cuerpo\"><span lang=\"EN-US\">Tambi\u00e9n hay otras organizaciones de Durazno que, a partir de este contacto que hace el Banco de Alimentos del Uruguay en el departamento, empiezan a trabajar para poder recibir productos que est\u00e1n pr\u00f3ximos a vencerse o que las empresas no comercializan, y que nosotros y las dem\u00e1s instituciones podemos aprovechar.<\/span><\/p>\n<p class=\"Cuerpo\"><span lang=\"EN-US\">Fueron alimentos no perecederos y tambi\u00e9n algunos productos de higiene personal y de belleza, que fueron distribuidos en seis organizaciones sociales. Los recibimos nosotros; tambi\u00e9n los recibieron Cireneos, ADID, el Merendero Ilusiones, la Asociaci\u00f3n Down de Durazno y dos instituciones de Carlos Reyles.<\/span><\/p>\n","protected":false},"excerpt":{"rendered":"<p>El Banco de Alimentos del Uruguay lleg\u00f3 a Durazno con el prop\u00f3sito de incorporar organizaciones beneficiarias y seleccion\u00f3 al Liceo Impacto como instituci\u00f3n de referencia para recibir y canalizar donaciones. La entrega incluy\u00f3 alimentos no perecederos y productos de higiene personal y belleza, distribuidos entre entidades sociales de la ciudad y de Carlos Reyles. Foto: [&hellip;]<\/p>\n","protected":false},"author":4,"featured_media":12735,"comment_status":"open","ping_status":"open","sticky":false,"template":"","format":"standard","meta":{"footnotes":""},"categories":[5],"tags":[],"class_list":["post-12734","post","type-post","status-publish","format-standard","has-post-thumbnail","hentry","category-durazno"],"_links":{"self":[{"href":"https:\/\/paginacero.com.uy\/index.php?rest_route=\/wp\/v2\/posts\/12734","targetHints":{"allow":["GET"]}}],"collection":[{"href":"https:\/\/paginacero.com.uy\/index.php?rest_route=\/wp\/v2\/posts"}],"about":[{"href":"https:\/\/paginacero.com.uy\/index.php?rest_route=\/wp\/v2\/types\/post"}],"author":[{"embeddable":true,"href":"https:\/\/paginacero.com.uy\/index.php?rest_route=\/wp\/v2\/users\/4"}],"replies":[{"embeddable":true,"href":"https:\/\/paginacero.com.uy\/index.php?rest_route=%2Fwp%2Fv2%2Fcomments&post=12734"}],"version-history":[{"count":1,"href":"https:\/\/paginacero.com.uy\/index.php?rest_route=\/wp\/v2\/posts\/12734\/revisions"}],"predecessor-version":[{"id":12736,"href":"https:\/\/paginacero.com.uy\/index.php?rest_route=\/wp\/v2\/posts\/12734\/revisions\/12736"}],"wp:featuredmedia":[{"embeddable":true,"href":"https:\/\/paginacero.com.uy\/index.php?rest_route=\/wp\/v2\/media\/12735"}],"wp:attachment":[{"href":"https:\/\/paginacero.com.uy\/index.php?rest_route=%2Fwp%2Fv2%2Fmedia&parent=12734"}],"wp:term":[{"taxonomy":"category","embeddable":true,"href":"https:\/\/paginacero.com.uy\/index.php?rest_route=%2Fwp%2Fv2%2Fcategories&post=12734"},{"taxonomy":"post_tag","embeddable":true,"href":"https:\/\/paginacero.com.uy\/index.php?rest_route=%2Fwp%2Fv2%2Ftags&post=12734"}],"curies":[{"name":"wp","href":"https:\/\/api.w.org\/{rel}","templated":true}]}}