{"id":12731,"date":"2026-09-05T15:13:06","date_gmt":"2026-09-05T18:13:06","guid":{"rendered":"https:\/\/paginacero.com.uy\/?p=12731"},"modified":"2026-09-05T15:13:06","modified_gmt":"2026-09-05T18:13:06","slug":"robert-chavo-chavat-presenta-alambres-y-almanaques","status":"publish","type":"post","link":"https:\/\/paginacero.com.uy\/?p=12731","title":{"rendered":"Robert \u201cChavo\u201d Chavat presenta  \u201cAlambres y almanaques\u201d."},"content":{"rendered":"<p><strong>En el marco del ciclo \u201cCruce de caminos\u201d, organizado por ALMIBAR PRODUCCIONES, el guitarrista, m\u00fasico y compositor duraznense presentar\u00e1 un adelanto de su primer disco solista, el 12 de setiembre, a las 20:00 horas, en el Peque\u00f1o Teatro de Durazno, acompa\u00f1ado por Mat\u00edas Romero, en guitarra, y Ayrton Dos Anjos, en percusi\u00f3n, adem\u00e1s de invitados locales.<\/strong><!--more--><\/p>\n<p>Con un set minimalista, la propuesta busca destacar la fuerza expresiva de las guitarras y la percusi\u00f3n, a trav\u00e9s de ritmos folkl\u00f3ricos y cadencias arm\u00f3nicas vinculadas a las vivencias y ra\u00edces musicales del compositor.<\/p>\n<p>Acompa\u00f1ando la propuesta el escenario tendr\u00e1 en exposici\u00f3n obras con la l\u00ednea del artista pl\u00e1stico duraznense Jhonny Rodr\u00edguez.<\/p>\n<p>Robert Chavat es m\u00fasico, compositor, guitarrista y docente egresado del IPA. Nacido en Durazno, inici\u00f3 su v\u00ednculo con la m\u00fasica durante su infancia en Molles, donde desarroll\u00f3 una relaci\u00f3n profunda con las m\u00fasicas y los ritmos folkl\u00f3ricos. M\u00e1s adelante se vincul\u00f3 con el candombe y particip\u00f3 como m\u00fasico sesionista en distintas ediciones del Festival de Folklore de Durazno.<\/p>\n<p>A lo largo de su trayectoria integr\u00f3 la banda de Braulio L\u00f3pez, el grupo de rock Graffolitas, el cuarteto de guitarras y tango La Vitrola y el proyecto Mapa cancionero del Uruguay. Tambi\u00e9n se desempe\u00f1\u00f3 como sesionista, arreglador y productor art\u00edstico en diversos trabajos discogr\u00e1ficos.<\/p>\n<p>Actualmente trabaja en la creaci\u00f3n de Alambres y almanaques, un disco solista en el que contin\u00faa explorando los sonidos y ritmos que han acompa\u00f1ado su recorrido musical.<\/p>\n<p>ALM\u00cdBAR PRODUCCIONES es una productora cultural, comprometida con la promoci\u00f3n y difusi\u00f3n de expresiones art\u00edsticas del interior de nuestro pa\u00eds, que contin\u00faa por segundo a\u00f1o consecutivo llevando adelante el ciclo Cruce de Caminos.<\/p>\n<p>Su objetivo es acercar a la comunidad duraznense manifestaciones culturales que, por diversas razones, no suelen tener presencia en nuestra ciudad. Al mismo tiempo, buscamos brindar a estos artistas la oportunidad de presentarse en una sala equipada y con p\u00fablico receptivo, fomentando as\u00ed el intercambio cultural y fortaleciendo los lazos entre distintas regiones del pa\u00eds.<\/p>\n<p>Las entradas se encuentran a la venta en La Buhardilla y en la boleter\u00eda del teatro.<\/p>\n<p>Esta actividad es posible gracias a poyo de FENAPES, AUTE, AFUTU, AFUCA, RADIO DURAZNO, LA DEL BARRIO, Intendencia de Durazno y Usina Cultural MEC.<\/p>\n","protected":false},"excerpt":{"rendered":"<p>En el marco del ciclo \u201cCruce de caminos\u201d, organizado por ALMIBAR PRODUCCIONES, el guitarrista, m\u00fasico y compositor duraznense presentar\u00e1 un adelanto de su primer disco solista, el 12 de setiembre, a las 20:00 horas, en el Peque\u00f1o Teatro de Durazno, acompa\u00f1ado por Mat\u00edas Romero, en guitarra, y Ayrton Dos Anjos, en percusi\u00f3n, adem\u00e1s de invitados [&hellip;]<\/p>\n","protected":false},"author":4,"featured_media":12732,"comment_status":"open","ping_status":"open","sticky":false,"template":"","format":"standard","meta":{"footnotes":""},"categories":[5],"tags":[],"class_list":["post-12731","post","type-post","status-publish","format-standard","has-post-thumbnail","hentry","category-durazno"],"_links":{"self":[{"href":"https:\/\/paginacero.com.uy\/index.php?rest_route=\/wp\/v2\/posts\/12731","targetHints":{"allow":["GET"]}}],"collection":[{"href":"https:\/\/paginacero.com.uy\/index.php?rest_route=\/wp\/v2\/posts"}],"about":[{"href":"https:\/\/paginacero.com.uy\/index.php?rest_route=\/wp\/v2\/types\/post"}],"author":[{"embeddable":true,"href":"https:\/\/paginacero.com.uy\/index.php?rest_route=\/wp\/v2\/users\/4"}],"replies":[{"embeddable":true,"href":"https:\/\/paginacero.com.uy\/index.php?rest_route=%2Fwp%2Fv2%2Fcomments&post=12731"}],"version-history":[{"count":1,"href":"https:\/\/paginacero.com.uy\/index.php?rest_route=\/wp\/v2\/posts\/12731\/revisions"}],"predecessor-version":[{"id":12733,"href":"https:\/\/paginacero.com.uy\/index.php?rest_route=\/wp\/v2\/posts\/12731\/revisions\/12733"}],"wp:featuredmedia":[{"embeddable":true,"href":"https:\/\/paginacero.com.uy\/index.php?rest_route=\/wp\/v2\/media\/12732"}],"wp:attachment":[{"href":"https:\/\/paginacero.com.uy\/index.php?rest_route=%2Fwp%2Fv2%2Fmedia&parent=12731"}],"wp:term":[{"taxonomy":"category","embeddable":true,"href":"https:\/\/paginacero.com.uy\/index.php?rest_route=%2Fwp%2Fv2%2Fcategories&post=12731"},{"taxonomy":"post_tag","embeddable":true,"href":"https:\/\/paginacero.com.uy\/index.php?rest_route=%2Fwp%2Fv2%2Ftags&post=12731"}],"curies":[{"name":"wp","href":"https:\/\/api.w.org\/{rel}","templated":true}]}}