{"id":12719,"date":"2026-09-04T17:51:43","date_gmt":"2026-09-04T20:51:43","guid":{"rendered":"https:\/\/paginacero.com.uy\/?p=12719"},"modified":"2026-09-04T17:53:14","modified_gmt":"2026-09-04T20:53:14","slug":"un-dia-mas-vale-un-dia-mas","status":"publish","type":"post","link":"https:\/\/paginacero.com.uy\/?p=12719","title":{"rendered":"Un d\u00eda m\u00e1s, Vale. Un d\u00eda m\u00e1s."},"content":{"rendered":"<p><strong>Maritza Anabelle Su\u00e1rez Samaniego, de 62 a\u00f1os, es la mam\u00e1 de Rodrigo, Valentina y Josefina, y abuela de Garo, de 5 a\u00f1os. Su nieto es hijo de Valentina, \u201cque no est\u00e1 en este plano desde el nacimiento de Garito, que es el gran tesoro que tenemos con mi esposo\u201d. Est\u00e1 casada con Alberto Chavat.<\/strong><\/p>\n<p>Por Anabela Prieto Zarza<!--more--><\/p>\n<p>Es hija de Hugo, militar, y Alicia, modista. Tiene una hermana mayor y tres hermanos menores.<\/p>\n<p>Se define como un ama de casa a la que le gusta mucho hacer manualidades, estar entreverada entre sus telas. Cree que es algo hereditario, porque creci\u00f3 viendo a su mam\u00e1 hacerlo y siempre le gust\u00f3 verla coser.<\/p>\n<p>Naci\u00f3 y creci\u00f3 en Durazno, hizo primaria en la Escuela N\u00ba 7 y curs\u00f3 secundaria en el Liceo Rubino.<\/p>\n<p>Comienza de grande a tratar de \u201chacer cosas\u201d, de ver qu\u00e9 lograba, y se fue entusiasmando porque lograba cosas lindas. Entonces quiso perfeccionarse, mejorar, hacer cosas m\u00e1s lindas a\u00fan, y tom\u00f3 clases para lograrlo. Tiene gratos recuerdos de Mabel Tiscordio de Valenzuela, una modista ya mayor que le ense\u00f1\u00f3 much\u00edsimo: \u201cfue de donde saqu\u00e9 todo lo lindo que yo considero que llegu\u00e9 a hacer\u201d.<\/p>\n<p>Comenz\u00f3 a trabajar en el arte del dise\u00f1o y la costura desde los 18 a\u00f1os. Vestidos de fiesta, de quincea\u00f1eras y de novia fueron un \u00e1mbito en el que se desenvolvi\u00f3 con soltura. Al principio, siempre aparec\u00eda alguien que le encargaba un trabajo de este tipo; luego, el boca a boca hizo que cada vez la demanda fuera mayor.<\/p>\n<p>Al comienzo se desempe\u00f1\u00f3 en la atenci\u00f3n al p\u00fablico en comercios como la Tienda y Zapater\u00eda Tres Cruces o en la San Juan. Pero cuando queda embarazada de Valentina, y con Rodrigo ya nacido, decide quedarse en casa con ellos. Las costuras cobran cada vez m\u00e1s lugar en su vida, y puede conjugar su amor por lo que hace con el cuidado amoroso de sus hijos.<\/p>\n<p>Valentina era dise\u00f1adora, entonces, adem\u00e1s de la ropa de fiesta, comenz\u00f3 a confeccionar ropa de beb\u00e9 y de ni\u00f1os, as\u00ed como accesorios que su hija dise\u00f1aba. Descubri\u00f3 un mundo maravilloso, que abarcaba nuevas \u00e1reas y que las involucraba a ambas.<\/p>\n<p>Cuando fallece Valentina, Maritza y Alberto deciden dedicarse a Garito. Alberto se jubila para poder afrontar juntos esta nueva realidad. Maritza deja de coser; los vestidos de fiesta quedan atr\u00e1s.<\/p>\n<p>Estuvo dos a\u00f1os sin trabajar porque quer\u00eda dedicarse a Garo. Pero tampoco pod\u00eda hacerlo. An\u00edmicamente no pod\u00eda, a pesar de que es algo que le encanta. Cada vez que tomaba unas telas o lo intentaba, la angustia le imped\u00eda avanzar.<\/p>\n<p>Despu\u00e9s de transitar por dos a\u00f1os de terapia, de a poquito empez\u00f3 a hacer algo: atender alg\u00fan pedido de un almohad\u00f3n, una mantita para amamantar. As\u00ed volvi\u00f3, poco a poco, hasta que lo logr\u00f3.<\/p>\n<p>Comenz\u00f3 a aceptar pedidos, y eran cada vez m\u00e1s. Garito fue creciendo y eso la ayudaba mucho. Maritza dice: \u201cVivo por y para \u00e9l, y para mis dos hijos. Ellos ya tienen su vida encaminada, Rodrigo se fue para Espa\u00f1a y Josefina es psic\u00f3loga y vive en Montevideo\u201d.<\/p>\n<p>\u201cNosotros estamos muy pendientes de Garo, de sus necesidades. El pap\u00e1 tiene su casa, trabaja, es como un hijo para nosotros porque lleg\u00f3 a nuestra casa como novio de Valentina con 16 o 17 a\u00f1os. Tiene sus obligaciones y actividades porque hace f\u00fatbol, corre maratones, etc., cosas que le hacen bien. Nos trae a Garo, nosotros lo llevamos a la escuela, lo vamos a buscar, se queda a dormir en casa.<\/p>\n<p>\u201dEso s\u00ed, a las costuras se dedica cuando Garo est\u00e1 en la escuela, porque despu\u00e9s que \u00e9l vuelve no toca m\u00e1s nada. No hago m\u00e1s que jugar con \u00e9l, pintar, cortar. El abuelo cocina y nosotros jugamos\u201d.<\/p>\n<p>La vida sigue, pero no es lo mismo para Maritza: \u201cA\u00fan me cuesta andar en los comercios, no salimos a ning\u00fan lado, por ese temor de que te vas a encontrar con una persona que conoc\u00eda a Vale y que no me hab\u00eda visto. Y me saluda. Eso me ha costado un poco, pero vamos saliendo adelante, porque Garo es el motor\u201d.<\/p>\n<p>Agrega: \u201cValentina est\u00e1 presente en la casa, en fotos, en nuestro coraz\u00f3n, en nuestras vidas. Hablamos de ella con Garo. Pregunta y le contestamos. Est\u00e1 en la edad de investigar, quiere saber y tratamos de satisfacer su inter\u00e9s\u201d.<\/p>\n<p>Retomando el tema de sus creaciones, trata de comprar todo lo que puede en nuestra ciudad, porque es muy localista, pero a veces recurre a proveedores de Montevideo o Salto porque no encuentra telas o insumos para poder hacer combinaciones que le gustan; por ejemplo, sesgos de colores para combinar con las telas que quiere utilizar.<\/p>\n<p>Hace unas peque\u00f1as carpitas para ni\u00f1os, tipo carpitas de indio, que son muy demandadas, pero en oportunidad de este D\u00eda del Ni\u00f1o no pudo hacerlas porque ten\u00eda muchos pedidos de mam\u00e1s que estaban con embarazos a t\u00e9rmino.<\/p>\n<p>El boca a boca funciona muy bien en su caso, aunque tambi\u00e9n utiliza las redes sociales, Facebook e Instagram. Maritza Su\u00e1rez o Barrilete Kids<\/p>\n<p>Ha recibido pedidos de distintas partes del pa\u00eds: Ciudad de la Costa, Tacuaremb\u00f3, Cerro Largo, Mercedes, Tala, Trinidad, entre otras localidades. A veces de particulares y, a veces, de comercios.<\/p>\n<p>Consultada sobre si tiene sue\u00f1os por cumplir, responde: \u201cSiempre so\u00f1\u00e9 con tener un local con todas estas cosas lindas que hago. Nunca pude por temas econ\u00f3micos. Hoy por hoy ya no es un sue\u00f1o, lo fue. Ya no. Pens\u00e1bamos tenerlo con Valentina; hoy no me interesa. Lo poco que hago lo hago ac\u00e1, en casa, en el tiempo libre que tengo con Garo. Si tuviera un local no podr\u00eda estar para \u00e9l como estoy, no lo voy a desatender. As\u00ed que ese sue\u00f1o ya fue\u201d.<\/p>\n<p>Pide que Garo salga adelante, le pide al universo unos a\u00f1os m\u00e1s de vida para ella, para poder acompa\u00f1arlo, ayudarlo y estar cerca.<\/p>\n<p>Como dec\u00edamos, la vida sigue, pero para Maritza no todo sigue igual. Era muy creyente en Dios y en la Virgen. Cuando Valentina enferm\u00f3, su casa se convirti\u00f3 en un templo, en un santuario.<\/p>\n<p>\u201cImplor\u00e9, ped\u00ed por su vida. Particip\u00e9 de cada cadena de oraci\u00f3n que se hizo en Durazno y en otras localidades. Fue incre\u00edble lo que pas\u00f3, el apoyo que recibimos, todo el mundo se moviliz\u00f3, recibimos mensajes de todos lados: familia, amigos, clientes, compa\u00f1eros, gente que no conoc\u00edamos, y con todos estoy muy agradecida. Vale era muy conocida por las decoraciones de eventos y todo el mundo la quer\u00eda.<\/p>\n<p>Pero con Dios estoy enojada. Nunca m\u00e1s fui a la Iglesia. Le ped\u00ed que cambiara mi vida por la de Vale. Yo hab\u00eda podido criar mis hijos, se hab\u00eda recibido, ten\u00edan su vida hecha. Le ped\u00ed que Vale pudiera criar su hijito como yo pude criar a los m\u00edos. No entiendo por qu\u00e9 no escuch\u00f3 mi plegaria. Me sent\u00ed desilusionada. \u00bfPor qu\u00e9 me solt\u00f3 la mano? Nunca m\u00e1s le ped\u00ed nada, nunca m\u00e1s fui a la Iglesia.<\/p>\n<p>Ahora le pido a Vale que, desde donde est\u00e9, nos acompa\u00f1e de la mejor manera que pueda hacerlo. Todas las noches le pido a Vale que me mande fuerzas para poder levantarme al otro d\u00eda para Garo, y ah\u00ed voy, pidiendo: un d\u00eda m\u00e1s, un d\u00eda m\u00e1s, Vale\u201d.<\/p>\n<p>La entrevista m\u00e1s dif\u00edcil a la que me he enfrentado y la historia m\u00e1s delicada que me ha tocado escribir. Gracias, Maritza, por abrir tu coraz\u00f3n. Que encuentres la paz que mereces.<\/p>\n","protected":false},"excerpt":{"rendered":"<p>Maritza Anabelle Su\u00e1rez Samaniego, de 62 a\u00f1os, es la mam\u00e1 de Rodrigo, Valentina y Josefina, y abuela de Garo, de 5 a\u00f1os. Su nieto es hijo de Valentina, \u201cque no est\u00e1 en este plano desde el nacimiento de Garito, que es el gran tesoro que tenemos con mi esposo\u201d. Est\u00e1 casada con Alberto Chavat. Por [&hellip;]<\/p>\n","protected":false},"author":4,"featured_media":12722,"comment_status":"open","ping_status":"open","sticky":false,"template":"","format":"standard","meta":{"footnotes":""},"categories":[5,17],"tags":[],"class_list":["post-12719","post","type-post","status-publish","format-standard","has-post-thumbnail","hentry","category-durazno","category-suplemento-mujer"],"_links":{"self":[{"href":"https:\/\/paginacero.com.uy\/index.php?rest_route=\/wp\/v2\/posts\/12719","targetHints":{"allow":["GET"]}}],"collection":[{"href":"https:\/\/paginacero.com.uy\/index.php?rest_route=\/wp\/v2\/posts"}],"about":[{"href":"https:\/\/paginacero.com.uy\/index.php?rest_route=\/wp\/v2\/types\/post"}],"author":[{"embeddable":true,"href":"https:\/\/paginacero.com.uy\/index.php?rest_route=\/wp\/v2\/users\/4"}],"replies":[{"embeddable":true,"href":"https:\/\/paginacero.com.uy\/index.php?rest_route=%2Fwp%2Fv2%2Fcomments&post=12719"}],"version-history":[{"count":1,"href":"https:\/\/paginacero.com.uy\/index.php?rest_route=\/wp\/v2\/posts\/12719\/revisions"}],"predecessor-version":[{"id":12721,"href":"https:\/\/paginacero.com.uy\/index.php?rest_route=\/wp\/v2\/posts\/12719\/revisions\/12721"}],"wp:featuredmedia":[{"embeddable":true,"href":"https:\/\/paginacero.com.uy\/index.php?rest_route=\/wp\/v2\/media\/12722"}],"wp:attachment":[{"href":"https:\/\/paginacero.com.uy\/index.php?rest_route=%2Fwp%2Fv2%2Fmedia&parent=12719"}],"wp:term":[{"taxonomy":"category","embeddable":true,"href":"https:\/\/paginacero.com.uy\/index.php?rest_route=%2Fwp%2Fv2%2Fcategories&post=12719"},{"taxonomy":"post_tag","embeddable":true,"href":"https:\/\/paginacero.com.uy\/index.php?rest_route=%2Fwp%2Fv2%2Ftags&post=12719"}],"curies":[{"name":"wp","href":"https:\/\/api.w.org\/{rel}","templated":true}]}}