{"id":12716,"date":"2026-09-04T17:49:25","date_gmt":"2026-09-04T20:49:25","guid":{"rendered":"https:\/\/paginacero.com.uy\/?p=12716"},"modified":"2026-09-04T17:54:54","modified_gmt":"2026-09-04T20:54:54","slug":"una-vida-de-aprendizajes-desafios-y-nuevos-caminos","status":"publish","type":"post","link":"https:\/\/paginacero.com.uy\/?p=12716","title":{"rendered":"Una vida de aprendizajes, desaf\u00edos y nuevos caminos"},"content":{"rendered":"<p class=\"isselectedend\" style=\"text-align: justify; text-justify: inter-ideograph;\"><strong>Claudia Beatriz Ramos Franchi, de 61 a\u00f1os, es hija de Anastasio, quien falleci\u00f3 cuando ella ten\u00eda tres a\u00f1os apenas, y de Hilda (fallecida), \u201cuna mujer luchadora, a quien tampoco le toc\u00f3 un camino f\u00e1cil, pero que siempre tuvo el coraje y la fuerza para salir adelante\u201d.<\/strong><\/p>\n<p class=\"isselectedend\" style=\"text-align: justify; text-justify: inter-ideograph;\">Por Anabela Prieto Zarza<!--more--><\/p>\n<p>Naci\u00f3 y creci\u00f3 en Durazno. Hace primaria desde Jardinera a 6\u00ba en\u00a0 la Escuela N\u00ba 2, secundaria en el\u00a0 Liceo Rubino. Al terminar 4\u00ba a\u00f1o ingresa a Pre Magisterio.<\/p>\n<p>La docencia fue para Claudia una elecci\u00f3n para toda la vida. Desde peque\u00f1a, y sin dudarlo, eligi\u00f3 ser Maestra, una profesi\u00f3n que ama profundamente y que le ha regalado innumerables alegr\u00edas, aprendizajes y encuentros que han dejado huellas en su vida.<\/p>\n<p>El camino de la docencia la llev\u00f3 a su primer lugar de trabajo: Blanquillo.<\/p>\n<p>\u201cAll\u00ed comenz\u00f3 una etapa muy importante de mi vida, no solo en lo profesional, sino tambi\u00e9n en lo personal. Fue en ese lugar donde la vida me encontr\u00f3 con Pedro, con quien compart\u00ed una parte fundamental de mi historia y con quien form\u00e9 una familia.<\/p>\n<p>Pedro fue mi esposo y el padre de mis tres hijos, Mart\u00edn, Ana y Claudio. La vida, una vez m\u00e1s, me enfrent\u00f3 a una de esas p\u00e9rdidas que nunca se imaginan: Pedro falleci\u00f3 siendo muy joven y me toc\u00f3 continuar el camino sin su compa\u00f1\u00eda, sosteniendo y acompa\u00f1ando a nuestros hijos.\u201d<\/p>\n<p>A lo largo de este recorrido, la docencia le permiti\u00f3 transitar por distintos roles, tanto en el aula como en la gesti\u00f3n. Trabajando en varias instituciones de Durazno, cada experiencia la enriqueci\u00f3 no solo profesionalmente sino tambi\u00e9n como persona. \u201cCada lugar, cada instituci\u00f3n, cada ni\u00f1o, cada familia y cada compa\u00f1ero de camino contribuyeron a construir la persona y la docente que hoy soy.\u201d<\/p>\n<p>Este recorrido la llev\u00f3 a desempe\u00f1ar el cargo que ocupa actualmente como inspectora, etapa que comenz\u00f3 en <strong>Paysand\u00fa<\/strong>, de donde guarda hermosos recuerdos, aprendizajes y afectos que permanecen con ella.<\/p>\n<p>Desde el a\u00f1o pasado, la vida profesional la llev\u00f3 a <strong>Montevideo<\/strong>. Comenz\u00f3 este nuevo cap\u00edtulo en la Jurisdicci\u00f3n Centro y actualmente desarrolla su tarea en la Jurisdicci\u00f3n Este, \u201cacompa\u00f1ada siempre de nuevos desaf\u00edos, nuevas experiencias y nuevas oportunidades para continuar aprendiendo y creciendo\u201d.<\/p>\n<p>\u201cHoy miro este camino lleno de recuerdos y me doy cuenta que ser maestra no ha sido solamente mi camino profesional: <strong>ha sido una manera de vivir, de acompa\u00f1ar, de aprender de otros y de dejar, aunque sea peque\u00f1a, una huella en la vida de quienes encuentro en el camino\u201d.<\/strong><\/p>\n<p>Mirando su propia historia, afirma que ha sido resiliente: \u201cquiz\u00e1s de mis padres aprend\u00ed, desde muy temprano, que la vida puede ponernos frente a ausencias, dificultades y situaciones que no elegimos, pero que siempre es posible encontrar la fuerza para continuar\u201d.<\/p>\n<p>Agrega: \u201cSer resiliente no significa que nada duela ni que todo resulte sencillo; significa poder atravesar los momentos dif\u00edciles sin dejar de avanzar, reconstruirse y encontrar nuevas razones para seguir. Y creo que, a lo largo de mi vida, eso es algo que he aprendido a hacer: continuar aun cuando el camino se vuelve dif\u00edcil, confiando en que cada experiencia tambi\u00e9n puede transformarnos y fortalecernos.<\/p>\n<p>Soy parte de esa historia: de lo que me toc\u00f3 vivir, de lo que aprend\u00ed y de las fortalezas que hered\u00e9. Y si algo me define, es justamente eso: seguir adelante, siempre, con la convicci\u00f3n de que, aun despu\u00e9s de las dificultades, la vida puede abrir nuevos caminos.\u201d<\/p>\n<p>Durante este largo y, a veces, dif\u00edcil camino, Claudia refiere a su familia como una parte esencial de su historia. \u201cMis hijos, Mart\u00edn, Ana y Claudio, han sido protagonistas de un viaje que, en muchas ocasiones, me toc\u00f3 transitar con la fortaleza que las circunstancias exig\u00edan\u201d.<\/p>\n<p>Inmediatamente refiere a su nuevo rol. \u201cHoy tengo la enorme felicidad de ser abuela de <strong>Benicio<\/strong>, hijo de Mart\u00edn, un peque\u00f1o que me enamora cada d\u00eda m\u00e1s. Aunque por mi trabajo vivo en Montevideo, cada vez que tengo la oportunidad viajo a Durazno para verlo crecer. Cada encuentro se convierte en un momento que atesoro profundamente\u201d.<\/p>\n<p>Cuando habla de sus hijos y de su nieto, menciona a <strong>Natalia y Marcos<\/strong> \u201cque tambi\u00e9n forman parte de la familia que he construido y de esos v\u00ednculos que, de distintas maneras, acompa\u00f1an y enriquecen mi vida\u201d.<\/p>\n<p>Integr\u00f3 <strong>Rotary Club Durazno<\/strong>, una experiencia que le permiti\u00f3 compartir con personas comprometidas con el servicio y comprender, a\u00fan m\u00e1s, el valor de aportar a la comunidad y de tender una mano all\u00ed donde se necesita. Con el cambio y nuevas responsabilidades no ha podido continuar, pero nunca han faltado las invitaciones y oportunidades para volver a reunirse con el equipo rotario para seguir trabajando y ayudando. \u201cQuiz\u00e1s, cuando el tiempo d\u00e9 paso a nuevas etapas y a otras actividades, vuelva a encontrar un espacio para ese bello compromiso.\u201d<\/p>\n<p>En sus tiempos libres, que son pocos en este rol que desempe\u00f1a, le gusta salir a caminar, de vez en cuando salir a tomar un caf\u00e9, ir al cine, al teatro, alg\u00fan show musical y viajar. Sue\u00f1a con poder seguir viajando, conocer nuevos lugares y culturas.<\/p>\n<p>Tiene muy claro que no podemos elegir todo lo que nos sucede, pero s\u00ed podemos decidir qu\u00e9 hacemos con aquello que la vida pone frente a nosotros. \u201cA veces ser\u00e1 necesario detenerse, llorar, reconstruirse y volver a comenzar. Otras veces ser\u00e1 simplemente confiar y dar un paso m\u00e1s\u201d.<\/p>\n<p>Reflexiona sobre s\u00ed misma y sobre el futuro: \u201cHoy sigo caminando. Con la experiencia de lo vivido, con el amor de mi familia, con la pasi\u00f3n por mi profesi\u00f3n y con la certeza de que siempre hay nuevos caminos por descubrir\u201d.<\/p>\n","protected":false},"excerpt":{"rendered":"<p>Claudia Beatriz Ramos Franchi, de 61 a\u00f1os, es hija de Anastasio, quien falleci\u00f3 cuando ella ten\u00eda tres a\u00f1os apenas, y de Hilda (fallecida), \u201cuna mujer luchadora, a quien tampoco le toc\u00f3 un camino f\u00e1cil, pero que siempre tuvo el coraje y la fuerza para salir adelante\u201d. Por Anabela Prieto Zarza<\/p>\n","protected":false},"author":4,"featured_media":12723,"comment_status":"open","ping_status":"open","sticky":false,"template":"","format":"standard","meta":{"footnotes":""},"categories":[5,17],"tags":[],"class_list":["post-12716","post","type-post","status-publish","format-standard","has-post-thumbnail","hentry","category-durazno","category-suplemento-mujer"],"_links":{"self":[{"href":"https:\/\/paginacero.com.uy\/index.php?rest_route=\/wp\/v2\/posts\/12716","targetHints":{"allow":["GET"]}}],"collection":[{"href":"https:\/\/paginacero.com.uy\/index.php?rest_route=\/wp\/v2\/posts"}],"about":[{"href":"https:\/\/paginacero.com.uy\/index.php?rest_route=\/wp\/v2\/types\/post"}],"author":[{"embeddable":true,"href":"https:\/\/paginacero.com.uy\/index.php?rest_route=\/wp\/v2\/users\/4"}],"replies":[{"embeddable":true,"href":"https:\/\/paginacero.com.uy\/index.php?rest_route=%2Fwp%2Fv2%2Fcomments&post=12716"}],"version-history":[{"count":1,"href":"https:\/\/paginacero.com.uy\/index.php?rest_route=\/wp\/v2\/posts\/12716\/revisions"}],"predecessor-version":[{"id":12718,"href":"https:\/\/paginacero.com.uy\/index.php?rest_route=\/wp\/v2\/posts\/12716\/revisions\/12718"}],"wp:featuredmedia":[{"embeddable":true,"href":"https:\/\/paginacero.com.uy\/index.php?rest_route=\/wp\/v2\/media\/12723"}],"wp:attachment":[{"href":"https:\/\/paginacero.com.uy\/index.php?rest_route=%2Fwp%2Fv2%2Fmedia&parent=12716"}],"wp:term":[{"taxonomy":"category","embeddable":true,"href":"https:\/\/paginacero.com.uy\/index.php?rest_route=%2Fwp%2Fv2%2Fcategories&post=12716"},{"taxonomy":"post_tag","embeddable":true,"href":"https:\/\/paginacero.com.uy\/index.php?rest_route=%2Fwp%2Fv2%2Ftags&post=12716"}],"curies":[{"name":"wp","href":"https:\/\/api.w.org\/{rel}","templated":true}]}}