{"id":12713,"date":"2026-09-04T17:46:17","date_gmt":"2026-09-04T20:46:17","guid":{"rendered":"https:\/\/paginacero.com.uy\/?p=12713"},"modified":"2026-09-04T17:46:17","modified_gmt":"2026-09-04T20:46:17","slug":"con-84-anos-integra-la-seleccion-uruguaya-de-newcom","status":"publish","type":"post","link":"https:\/\/paginacero.com.uy\/?p=12713","title":{"rendered":"Con 84 a\u00f1os integra la Selecci\u00f3n Uruguaya de Newcom"},"content":{"rendered":"<p><strong>Nilda Margot Santurio Chiminelli es hija de Fidel y Sara y hermana mayor de Juan Carlos. Se define como una gran luchadora. Es la mam\u00e1 de Robert Sueiro, conocido profesor de Educaci\u00f3n F\u00edsica, y orgullosa abuela de tres hermosos seres humanos: Agustina, profesora igual que su pap\u00e1; Martina, que trabaja y estudia en la Facultad de Ciencias de Arte; y Santino, de 11 a\u00f1os, \u201cmi cosita del momento\u201d.<\/strong><\/p>\n<p><strong>Por Anabela Prieto Zarza<\/strong><!--more--><\/p>\n<p>Naci\u00f3 en Trinidad, departamento de Flores. Concurri\u00f3 a la Escuela de Castro y luego a la Escuela Agr\u00edcola. Hasta cuarto a\u00f1o iba a caballo a la escuela.<\/p>\n<p>A su pap\u00e1 lo contratan como capataz en la Sociedad de Fomento de Flores. La familia se muda a Trinidad y Nilda termina quinto y sexto en la Escuela de Ni\u00f1as, que ya era mixta. Luego va al liceo, que estaba enfrente, y cuando cursa preparatorio le toca inaugurar el liceo nuevo.<\/p>\n<p>Le gustaba mucho Educaci\u00f3n F\u00edsica, pero con 17 a\u00f1os a sus padres no les pareci\u00f3 seguro dejarla ir a estudiar a Montevideo, a una ciudad grande que apenas conoc\u00edan. Adem\u00e1s, en aquella \u00e9poca, econ\u00f3micamente no hab\u00eda tantas posibilidades como hoy. No era f\u00e1cil asumir los costos necesarios para tener una hija estudiando en la capital.<\/p>\n<p>Nilda, independiente y con el af\u00e1n de tener lo suyo, comienza a trabajar. Fue cajera muchos a\u00f1os en una librer\u00eda. Se casa y la novel familia se traslada a Montevideo, porque su esposo trabajaba all\u00ed. Ingresa como cajera en Supermercados Devoto, en la sucursal Malv\u00edn.<\/p>\n<p>Llega la maternidad. No quer\u00eda delegar el cuidado de su beb\u00e9. Adem\u00e1s, quer\u00eda hacer algo para ella misma. La se\u00f1ora que le ayudaba con Robert, quien se dejaba cortar el pelo con ella porque s\u00ed nom\u00e1s, le dijo: \u201cNilda, te gustan tanto las artes, \u00bfpor qu\u00e9 no estudias peluquer\u00eda?\u201d.<\/p>\n<p>\u201cAs\u00ed fue lo mejor que me pas\u00f3 en la vida, estudi\u00e9 peluquer\u00eda, me hice peluquera y gracias a esa profesi\u00f3n comenc\u00e9 a viajar. A trav\u00e9s de L\u2019Or\u00e9al y Belier, comenc\u00e9 a participar en campeonatos. Adem\u00e1s, ambas firmas y su personal me ayudaron a instalarme, me obsequiaron tintas, toallas, delantales, porque no era f\u00e1cil. Los cursos a los que asist\u00eda eran muy costosos y, mientras que los hac\u00eda, con un beb\u00e9, no me daban los tiempos para trabajar y tener mis ingresos. Estudi\u00e9 con unas profesionales argentinas muy exigentes, pero muy buenas. Sacaron lo mejor de m\u00ed. Viaj\u00e9 a Portugal, a Francia, donde est\u00e1 la central de L\u2019Or\u00e9al, a Espa\u00f1a, a Washington y Nueva York, en Estados Unidos. Conoc\u00ed muchos lugares hermosos gracias a mi profesi\u00f3n\u201d.<\/p>\n<p>Aquella ni\u00f1a que iba a caballo a la escuela, que no fue a Montevideo a estudiar porque casi no conoc\u00eda la gran ciudad, gracias a una profesi\u00f3n que ama, se convirti\u00f3 en ciudadana del mundo: \u201cNunca pens\u00e9 que iba a viajar todo lo que viaj\u00e9\u201d.<\/p>\n<p>El bichito de los viajes la hab\u00eda picado, as\u00ed que vinieron otros por su cuenta: M\u00e9xico, Argentina y todos los lugares a los que puede ir, porque sigue viajando.<\/p>\n<p>La vida sigue en Montevideo, pero se ponen dif\u00edciles las cosas. El pap\u00e1 de Nilda hab\u00eda comprado la l\u00ednea de \u00f3mnibus urbana en Durazno y le propone a su yerno que se haga cargo junto con su hijo. As\u00ed Nilda llega a Durazno e instala su peluquer\u00eda en nuestra ciudad.<\/p>\n<p>Manifiesta estar muy agradecida con Durazno, en donde siempre trabaj\u00f3 muy bien, sigui\u00f3 creciendo en su profesi\u00f3n e instal\u00f3 una academia de peluquer\u00eda, en la cual se formaron muchas generaciones. Incluso ya tiene alumnas que se han jubilado como peluqueras.<\/p>\n<p>Los a\u00f1os 2002 y 2003 no fueron buenos para Nilda: fallecieron su mam\u00e1 y su esposo, con una diferencia de cuatro meses. Fueron a\u00f1os duros, hab\u00eda que trabajar. Ayudaba que su hijo ya estaba recibido; por ese lado ten\u00eda el tema resuelto. Adem\u00e1s, para su alegr\u00eda, a Robert le gust\u00f3 Durazno y se qued\u00f3 a trabajar ac\u00e1. \u201cDe hecho, parece m\u00e1s duraznense que montevideano\u201d.<\/p>\n<p>Se casa nuevamente y, tal cual una novela, lo hace dos veces m\u00e1s. Hoy vive sola, lo cual no es impedimento para que esta joven mujer siga viajando, cumpliendo sus sue\u00f1os y haciendo lo que le gust\u00f3 siempre.<\/p>\n<p>Nilda ha tenido, desde hace unos 30 a\u00f1os, una inquietud espiritual muy intensa. Es practicante de sus creencias y me hace saber que es algo muy importante para ella y que quiere que aparezca en su historia de vida. Es Testigo de Jehov\u00e1 y practica la religi\u00f3n de la cual dice ser. Cumple con todas las obligaciones y se maneja como testigo, en las creencias, en las pr\u00e1cticas y en la moral, como se debe ser realmente.<\/p>\n<p>\u201cNunca me he sentido discriminada, nunca me he expuesto como para serlo. Adem\u00e1s, ser testigo y ser practicante me ha ayudado en la vida, para superar dolores y salir sana de cabeza de los mismos\u201d.<\/p>\n<p>Cree que la gente necesita tener fe, pero una fe trabajada, una fe con fundamentos, no una fe por decir \u201ctengo fe en algo\u201d. Por ser Testigo ha viajado a Estados Unidos a participar de asambleas, reuniones grandes y multitudinarias, donde se encuentra con gente de todo el mundo, donde se puede ayudar y conocer a todo tipo de personas. \u201cTodos somos iguales, los l\u00edmites los ponen los hombres. Dios no los puso, no hay diferencias de razas, ni de idiomas, de nada\u201d.<\/p>\n<p>Durante toda su vida, desde joven, siempre comparti\u00f3 su vida entre el trabajo y el deporte. Incluso como estudiante participaba de actividades deportivas de forma muy activa.<\/p>\n<p>Hace tiempo comenz\u00f3 a practicar v\u00f3ley en la UTU, luego en COVINUVI. Su hijo la introdujo al Newcom y empez\u00f3 otra historia.<\/p>\n<p>Porque, si bien siempre el deporte fue su pasi\u00f3n, comienza a participar de campeonatos, integrar grupos, socializar, viajar a competir, andar por otros lugares, \u201clo que no me cuesta porque soy andariega por naturaleza\u201d, dice riendo.<\/p>\n<p>Recientemente ha sido convocada para integrar la Selecci\u00f3n Uruguaya de Newcom, en la categor\u00eda m\u00e1s 75, remarca con indisimulado orgullo.<\/p>\n<p>Ama el deporte en s\u00ed mismo y reconoce la importancia que tiene para mantenerse saludable f\u00edsica y mentalmente.<\/p>\n<p>En sus tiempos libres se dedica a las manualidades. Sabe hacer de todo, porque su madre, que era muy trabajadora, le ense\u00f1\u00f3 todo lo que sab\u00eda y pod\u00eda.<\/p>\n<p>En su familia tienen una costumbre que comparte con nosotros: \u201cUna vez al a\u00f1o salimos los cinco, los tres nietos, mi hijo y yo. Nos vamos a lugares lindos como Canc\u00fan, porque los tiempos de calidad son muy necesarios, m\u00e1s en esta \u00e9poca en que se vive una vida muy agitada\u201d.<\/p>\n<p>Considera que no tiene sue\u00f1os por cumplir, pero aspira a \u201cseguir saludable y con la \u2018mente bien\u2019, como hasta ahora, estar a lo que Dios disponga, servir y ya est\u00e1. He hecho mucho, he sido feliz\u201d. Riendo, agrega: \u201c&#8230;y alg\u00fan viajecito m\u00e1s&#8230;\u201d.<\/p>\n<p>Cree que para vivir bien hay que cuidar no solo la salud mental, sino tambi\u00e9n la espiritual, y servir a los dem\u00e1s en todo lo que se pueda.<\/p>\n","protected":false},"excerpt":{"rendered":"<p>Nilda Margot Santurio Chiminelli es hija de Fidel y Sara y hermana mayor de Juan Carlos. Se define como una gran luchadora. Es la mam\u00e1 de Robert Sueiro, conocido profesor de Educaci\u00f3n F\u00edsica, y orgullosa abuela de tres hermosos seres humanos: Agustina, profesora igual que su pap\u00e1; Martina, que trabaja y estudia en la Facultad [&hellip;]<\/p>\n","protected":false},"author":4,"featured_media":12714,"comment_status":"open","ping_status":"open","sticky":false,"template":"","format":"standard","meta":{"footnotes":""},"categories":[5,17],"tags":[],"class_list":["post-12713","post","type-post","status-publish","format-standard","has-post-thumbnail","hentry","category-durazno","category-suplemento-mujer"],"_links":{"self":[{"href":"https:\/\/paginacero.com.uy\/index.php?rest_route=\/wp\/v2\/posts\/12713","targetHints":{"allow":["GET"]}}],"collection":[{"href":"https:\/\/paginacero.com.uy\/index.php?rest_route=\/wp\/v2\/posts"}],"about":[{"href":"https:\/\/paginacero.com.uy\/index.php?rest_route=\/wp\/v2\/types\/post"}],"author":[{"embeddable":true,"href":"https:\/\/paginacero.com.uy\/index.php?rest_route=\/wp\/v2\/users\/4"}],"replies":[{"embeddable":true,"href":"https:\/\/paginacero.com.uy\/index.php?rest_route=%2Fwp%2Fv2%2Fcomments&post=12713"}],"version-history":[{"count":1,"href":"https:\/\/paginacero.com.uy\/index.php?rest_route=\/wp\/v2\/posts\/12713\/revisions"}],"predecessor-version":[{"id":12715,"href":"https:\/\/paginacero.com.uy\/index.php?rest_route=\/wp\/v2\/posts\/12713\/revisions\/12715"}],"wp:featuredmedia":[{"embeddable":true,"href":"https:\/\/paginacero.com.uy\/index.php?rest_route=\/wp\/v2\/media\/12714"}],"wp:attachment":[{"href":"https:\/\/paginacero.com.uy\/index.php?rest_route=%2Fwp%2Fv2%2Fmedia&parent=12713"}],"wp:term":[{"taxonomy":"category","embeddable":true,"href":"https:\/\/paginacero.com.uy\/index.php?rest_route=%2Fwp%2Fv2%2Fcategories&post=12713"},{"taxonomy":"post_tag","embeddable":true,"href":"https:\/\/paginacero.com.uy\/index.php?rest_route=%2Fwp%2Fv2%2Ftags&post=12713"}],"curies":[{"name":"wp","href":"https:\/\/api.w.org\/{rel}","templated":true}]}}