{"id":12705,"date":"2026-09-03T16:54:07","date_gmt":"2026-09-03T19:54:07","guid":{"rendered":"https:\/\/paginacero.com.uy\/?p=12705"},"modified":"2026-09-03T16:54:07","modified_gmt":"2026-09-03T19:54:07","slug":"al-aire-libro-llego-por-primera-vez-a-durazno-y-convirtio-la-plaza-en-un-espacio-de-lectura","status":"publish","type":"post","link":"https:\/\/paginacero.com.uy\/?p=12705","title":{"rendered":"\u201cAl Aire Libro\u201d lleg\u00f3 por primera vez a Durazno y convirti\u00f3 la plaza en un espacio de lectura"},"content":{"rendered":"<p><strong>La jornada mundial \u201cAl Aire Libro\u201d tuvo este martes 1\u00b0 de septiembre su primera experiencia en Durazno, reuniendo en Plaza Independencia a instituciones educativas, organizaciones sociales y vecinos en torno a la lectura, la escritura y el encuentro.<\/strong><!--more--><\/p>\n<p>La actividad fue impulsada a nivel local por integrantes del\u00a0<b>Colectivo Cultural \u201cLEO con Sumerc\u00e9\u201d<\/b>, en alianza con la<b>\u00a0Biblioteca P\u00fablica<\/b>\u00a0y el\u00a0<b>Gobierno de Durazno<\/b>, con el prop\u00f3sito de promover el disfrute de la lectura, reconocer a la biblioteca como un espacio de encuentro y generar\u00a0<b>nuevos \u00e1mbitos vinculados a la literatura en la ciudad.<\/b><\/p>\n<div>\n<div><b>Jennifer Jim\u00e9nez\u00a0<\/b>y\u00a0<b>Carolina Rodr\u00edguez<\/b>, integrantes del colectivo, explicaron que la iniciativa naci\u00f3 en\u00a0<b>Colombia\u00a0<\/b>en 2015 y que este a\u00f1o alcanz\u00f3 su\u00a0<b>novena edici\u00f3n en Uruguay.<\/b><\/div>\n<div><\/div>\n<div>\u201cSe ha hecho durante nueve ediciones en Uruguay y\u00a0<b>esta es la primera vez que la traemos ac\u00e1 a Durazno\u201d<\/b>, destacaron.<\/div>\n<div><\/div>\n<div>Jim\u00e9nez se\u00f1al\u00f3 que uno de los principales objetivos es\u00a0<b>sacar la lectura de sus espacios habituales<\/b>\u00a0y acercarla a\u00a0<b>p\u00fablicos de diferentes edades.<\/b><\/div>\n<div><\/div>\n<div>\u201cLo que nos mueve es el disfrute de la lectura, compartir la lectura en espacios p\u00fablicos y seguir articulando con otros actores y actrices, y sobre todo que los ni\u00f1os, ni\u00f1as y adolescentes descubran qu\u00e9 pueden hacer y qu\u00e9 pueden seguir explorando con la lectura desde otros lugares\u201d, expres\u00f3.<\/div>\n<div><\/div>\n<div>La jornada incluy\u00f3<b>\u00a0tres propuestas:<\/b>\u00a0un espacio de lectura al aire libre dirigido a adultos, una actividad para las infancias a partir del libro \u00e1lbum y una instancia de escritura creativa, acompa\u00f1ada por\u00a0<b>Carlos Fariello<\/b>\u00a0y\u00a0<b>Jennifer Jim\u00e9nez<\/b>, que invit\u00f3 a los participantes a imaginar y<b>\u00a0escribir finales alternativos para diferentes historias.<\/b><\/div>\n<h5>Una primera experiencia con amplia participaci\u00f3n<\/h5>\n<div>Desde la organizaci\u00f3n se realiz\u00f3 una<b>\u00a0valoraci\u00f3n positiva<\/b>\u00a0de esta primera edici\u00f3n en Durazno, destac\u00e1ndose especialmente la diversidad de personas, instituciones y colectivos que se sumaron a la convocatoria.<\/div>\n<div><\/div>\n<div>Entre otros, participaron integrantes de Las Leonas, Escritores de la Nada, Peque\u00f1o Teatro, estudiantes vinculados a primera infancia, docentes, amigos del colectivo y vecinos que se acercaron a compartir las distintas propuestas.<\/div>\n<div><\/div>\n<div>\u201cHa sido s\u00faper lindo ver la cantidad de adultos que ha querido venir hoy a participar y acompa\u00f1arnos\u201d, destac\u00f3 Jim\u00e9nez.<\/div>\n<div><\/div>\n<div>La actividad desarrollada en plaza Independencia form\u00f3 parte de la 9\u00aa edici\u00f3n de \u201cAl Aire Libro\u201d en Uruguay, impulsada por el Programa de Lectura y Educaci\u00f3n Ling\u00fc\u00edstica de la Direcci\u00f3n Nacional de Educaci\u00f3n del Ministerio de Educaci\u00f3n y Cultura, sumando por primera vez a Durazno a esta propuesta que busca hacer de los espacios p\u00fablicos lugares para encontrarse, leer, escribir y compartir.<\/div>\n<\/div>\n","protected":false},"excerpt":{"rendered":"<p>La jornada mundial \u201cAl Aire Libro\u201d tuvo este martes 1\u00b0 de septiembre su primera experiencia en Durazno, reuniendo en Plaza Independencia a instituciones educativas, organizaciones sociales y vecinos en torno a la lectura, la escritura y el encuentro.<\/p>\n","protected":false},"author":4,"featured_media":12706,"comment_status":"open","ping_status":"open","sticky":false,"template":"","format":"standard","meta":{"footnotes":""},"categories":[5],"tags":[],"class_list":["post-12705","post","type-post","status-publish","format-standard","has-post-thumbnail","hentry","category-durazno"],"_links":{"self":[{"href":"https:\/\/paginacero.com.uy\/index.php?rest_route=\/wp\/v2\/posts\/12705","targetHints":{"allow":["GET"]}}],"collection":[{"href":"https:\/\/paginacero.com.uy\/index.php?rest_route=\/wp\/v2\/posts"}],"about":[{"href":"https:\/\/paginacero.com.uy\/index.php?rest_route=\/wp\/v2\/types\/post"}],"author":[{"embeddable":true,"href":"https:\/\/paginacero.com.uy\/index.php?rest_route=\/wp\/v2\/users\/4"}],"replies":[{"embeddable":true,"href":"https:\/\/paginacero.com.uy\/index.php?rest_route=%2Fwp%2Fv2%2Fcomments&post=12705"}],"version-history":[{"count":1,"href":"https:\/\/paginacero.com.uy\/index.php?rest_route=\/wp\/v2\/posts\/12705\/revisions"}],"predecessor-version":[{"id":12707,"href":"https:\/\/paginacero.com.uy\/index.php?rest_route=\/wp\/v2\/posts\/12705\/revisions\/12707"}],"wp:featuredmedia":[{"embeddable":true,"href":"https:\/\/paginacero.com.uy\/index.php?rest_route=\/wp\/v2\/media\/12706"}],"wp:attachment":[{"href":"https:\/\/paginacero.com.uy\/index.php?rest_route=%2Fwp%2Fv2%2Fmedia&parent=12705"}],"wp:term":[{"taxonomy":"category","embeddable":true,"href":"https:\/\/paginacero.com.uy\/index.php?rest_route=%2Fwp%2Fv2%2Fcategories&post=12705"},{"taxonomy":"post_tag","embeddable":true,"href":"https:\/\/paginacero.com.uy\/index.php?rest_route=%2Fwp%2Fv2%2Ftags&post=12705"}],"curies":[{"name":"wp","href":"https:\/\/api.w.org\/{rel}","templated":true}]}}