{"id":12700,"date":"2026-09-03T16:45:38","date_gmt":"2026-09-03T19:45:38","guid":{"rendered":"https:\/\/paginacero.com.uy\/?p=12700"},"modified":"2026-09-03T16:52:18","modified_gmt":"2026-09-03T19:52:18","slug":"ocupaciones-se-extienden-en-la-udelar-tras-el-intento-de-femicidio-en-medicina","status":"publish","type":"post","link":"https:\/\/paginacero.com.uy\/?p=12700","title":{"rendered":"Ocupaciones se extienden en la Udelar tras el intento de femicidio en Medicina"},"content":{"rendered":"<p><strong>Las ocupaciones alcanzaron este jueves al edificio Alpargatas, donde funcionan dependencias de Medicina y Qu\u00edmica, y a las facultades de Psicolog\u00eda y Humanidades y Ciencias de la Educaci\u00f3n. Las medidas surgieron luego del intento de femicidio contra una estudiante de Medicina y reclaman respuestas institucionales, apoyo psicol\u00f3gico, formaci\u00f3n obligatoria en g\u00e9nero y mayor presupuesto para garantizar espacios educativos seguros.<\/strong><\/p>\n<p>Foto: Mar\u00eda Eugenia Scognamiglio<!--more--><\/p>\n<p>La respuesta estudiantil al intento de femicidio ocurrido en el anexo de la Facultad de Medicina se extendi\u00f3 este jueves a distintos centros de la Universidad de la Rep\u00fablica. Durante la ma\u00f1ana comenzaron ocupaciones impulsadas por los gremios de Medicina, Qu\u00edmica, Psicolog\u00eda y Humanidades y Ciencias de la Educaci\u00f3n.<\/p>\n<p>La Asociaci\u00f3n de Estudiantes de Medicina ocup\u00f3 desde las 8.00 el edificio Alpargatas, escenario del ataque contra la estudiante de 19 a\u00f1os. La medida se desarrolla en el marco de un paro estudiantil de 48 horas, previsto para jueves y viernes.<\/p>\n<p>La ocupaci\u00f3n del anexo fue definida inicialmente para este jueves y qued\u00f3 sujeta a una nueva asamblea, convocada para la noche, en la que los estudiantes resolver\u00edan si la extend\u00edan durante el viernes.<\/p>\n<p>El gremio de Medicina anunci\u00f3 adem\u00e1s la realizaci\u00f3n de mesas de intercambio entre pares, talleres y espacios de reflexi\u00f3n. Entre sus principales planteos se encuentran el acompa\u00f1amiento y el apoyo psicol\u00f3gico para las personas afectadas, as\u00ed como la implementaci\u00f3n de cursos obligatorios de formaci\u00f3n en g\u00e9nero, violencia, acoso y discriminaci\u00f3n durante las distintas etapas de las carreras.<\/p>\n<p>La Asociaci\u00f3n de Estudiantes de Qu\u00edmica tambi\u00e9n resolvi\u00f3 ocupar el edificio Alpargatas. Desde el gremio sostuvieron que la actividad universitaria no pod\u00eda continuar con normalidad despu\u00e9s de que una estudiante fuera atacada dentro de una dependencia de la instituci\u00f3n. Asimismo, cuestionaron la respuesta inicial de las autoridades y reclamaron un tiempo colectivo para procesar lo sucedido.<\/p>\n<p>Las medidas se ampliaron posteriormente a la Facultad de Psicolog\u00eda, ocupada desde la ma\u00f1ana del jueves, y a la Facultad de Humanidades y Ciencias de la Educaci\u00f3n. En ambos casos, los estudiantes convocaron instancias de organizaci\u00f3n, di\u00e1logo y reflexi\u00f3n sobre la violencia de g\u00e9nero dentro de los espacios universitarios.<\/p>\n<p>Parte del reclamo est\u00e1 dirigido a la actuaci\u00f3n del Consejo Directivo Central de la Udelar. La representaci\u00f3n estudiantil hab\u00eda propuesto suspender las actividades universitarias hasta el viernes y, tras el rechazo de esa iniciativa, plante\u00f3 una interrupci\u00f3n durante el mi\u00e9rcoles. Ninguna de las propuestas obtuvo los votos necesarios.<\/p>\n<p>Los gremios consideran que el ataque no debe tratarse como un episodio aislado y reclaman que la Universidad fortalezca sus mecanismos de prevenci\u00f3n, detecci\u00f3n y respuesta ante situaciones de violencia y acoso. Tambi\u00e9n vinculan estas pol\u00edticas con la necesidad de contar con mayor presupuesto para garantizar condiciones seguras de estudio y brindar atenci\u00f3n profesional a quienes atraviesan estas situaciones.<\/p>\n<p>Las ocupaciones fueron precedidas por la movilizaci\u00f3n realizada el mi\u00e9rcoles desde la Facultad de Medicina hasta el Palacio Legislativo. Durante la marcha, estudiantes, docentes y trabajadores universitarios reclamaron justicia y respuestas institucionales bajo consignas como \u201cQuiero recibirme, no morirme\u201d.<\/p>\n<p>El hecho que desencaden\u00f3 las medidas ocurri\u00f3 el martes 1.\u00ba de setiembre, cuando una estudiante fue atacada con un arma blanca por un compa\u00f1ero de la misma edad. La joven permanece fuera de peligro y el caso es investigado como intento de femicidio.<\/p>\n","protected":false},"excerpt":{"rendered":"<p>Las ocupaciones alcanzaron este jueves al edificio Alpargatas, donde funcionan dependencias de Medicina y Qu\u00edmica, y a las facultades de Psicolog\u00eda y Humanidades y Ciencias de la Educaci\u00f3n. Las medidas surgieron luego del intento de femicidio contra una estudiante de Medicina y reclaman respuestas institucionales, apoyo psicol\u00f3gico, formaci\u00f3n obligatoria en g\u00e9nero y mayor presupuesto para [&hellip;]<\/p>\n","protected":false},"author":4,"featured_media":12704,"comment_status":"open","ping_status":"open","sticky":false,"template":"","format":"standard","meta":{"footnotes":""},"categories":[3],"tags":[],"class_list":["post-12700","post","type-post","status-publish","format-standard","has-post-thumbnail","hentry","category-nacionales"],"_links":{"self":[{"href":"https:\/\/paginacero.com.uy\/index.php?rest_route=\/wp\/v2\/posts\/12700","targetHints":{"allow":["GET"]}}],"collection":[{"href":"https:\/\/paginacero.com.uy\/index.php?rest_route=\/wp\/v2\/posts"}],"about":[{"href":"https:\/\/paginacero.com.uy\/index.php?rest_route=\/wp\/v2\/types\/post"}],"author":[{"embeddable":true,"href":"https:\/\/paginacero.com.uy\/index.php?rest_route=\/wp\/v2\/users\/4"}],"replies":[{"embeddable":true,"href":"https:\/\/paginacero.com.uy\/index.php?rest_route=%2Fwp%2Fv2%2Fcomments&post=12700"}],"version-history":[{"count":1,"href":"https:\/\/paginacero.com.uy\/index.php?rest_route=\/wp\/v2\/posts\/12700\/revisions"}],"predecessor-version":[{"id":12702,"href":"https:\/\/paginacero.com.uy\/index.php?rest_route=\/wp\/v2\/posts\/12700\/revisions\/12702"}],"wp:featuredmedia":[{"embeddable":true,"href":"https:\/\/paginacero.com.uy\/index.php?rest_route=\/wp\/v2\/media\/12704"}],"wp:attachment":[{"href":"https:\/\/paginacero.com.uy\/index.php?rest_route=%2Fwp%2Fv2%2Fmedia&parent=12700"}],"wp:term":[{"taxonomy":"category","embeddable":true,"href":"https:\/\/paginacero.com.uy\/index.php?rest_route=%2Fwp%2Fv2%2Fcategories&post=12700"},{"taxonomy":"post_tag","embeddable":true,"href":"https:\/\/paginacero.com.uy\/index.php?rest_route=%2Fwp%2Fv2%2Ftags&post=12700"}],"curies":[{"name":"wp","href":"https:\/\/api.w.org\/{rel}","templated":true}]}}