{"id":12687,"date":"2026-09-03T10:09:45","date_gmt":"2026-09-03T13:09:45","guid":{"rendered":"https:\/\/paginacero.com.uy\/?p=12687"},"modified":"2026-09-03T10:09:45","modified_gmt":"2026-09-03T13:09:45","slug":"durazno-convoco-a-unos-350-empresarios-inversores-y-autoridades-para-proyectar-nuevas-oportunidades","status":"publish","type":"post","link":"https:\/\/paginacero.com.uy\/?p=12687","title":{"rendered":"Durazno convoc\u00f3 a unos 350 empresarios, inversores y autoridades para proyectar nuevas oportunidades"},"content":{"rendered":"<p class=\"Copete\"><strong><span lang=\"EN-US\">El Aeropuerto Internacional de Durazno fue sede este mi\u00e9rcoles 2 de septiembre del encuentro \u201cDurazno: un departamento que elige crecer\u201d, organizado por Somos Uruguay dentro de su ciclo Desayunos \u00datiles. Con una participaci\u00f3n estimada en 350 personas, la jornada reuni\u00f3 a empresarios, inversores y autoridades para analizar las oportunidades de inversi\u00f3n y desarrollo. El intendente Felipe Algorta destac\u00f3 que la actividad colm\u00f3 las expectativas, mientras que Mat\u00edas Mart\u00ednez, director de Marketing, Sostenibilidad y Comunicaciones de UPM en Uruguay, valor\u00f3 el crecimiento del departamento, la articulaci\u00f3n p\u00fablico-privada y las mejoras de infraestructura que fortalecen la competitividad agroindustrial.<\/span><\/strong><!--more--><\/p>\n<p class=\"Subtitulo\"><strong><span lang=\"EN-US\">Felipe Algorta: \u201cEl evento colm\u00f3 todas las expectativas\u201d<\/span><\/strong><\/p>\n<p class=\"Cuerpo\"><span lang=\"EN-US\">El a\u00f1o pasado participamos de un desayuno de Somos Uruguay y nos invitaron a exponer junto con los intendentes de Montevideo y Maldonado en Punta del Este. Pudimos aprovechar la instancia para hablar de Durazno. Fue realmente exitoso y nos pareci\u00f3 que en Durazno tambi\u00e9n pod\u00edamos tener un desayuno de estas caracter\u00edsticas, de este nivel, y convocar a los principales actores que est\u00e1n actuando aqu\u00ed, aunque a veces no se sabe, pero tambi\u00e9n a quienes, \u00bfpor qu\u00e9 no?, pueden empezar a actuar en Durazno: invertir, generar empleo, generar cosas y movimiento.<\/span><\/p>\n<p class=\"Cuerpo\"><span lang=\"EN-US\">Y aqu\u00ed estamos, en un evento que realmente colm\u00f3 todas las expectativas. Una carpa repleta, con m\u00e1s de 350 personas invitadas. Estamos muy contentos.<\/span><\/p>\n<p class=\"Subtitulo\"><strong><span lang=\"EN-US\">Mat\u00edas Mart\u00ednez: \u201cEs bueno ver ese crecimiento\u201d<\/span><\/strong><\/p>\n<p class=\"Cuerpo\"><span lang=\"EN-US\">Creo que ese es el primer ejemplo. Hoy no podr\u00edamos estar haciendo esta actividad aqu\u00ed. Por ejemplo, hace cinco a\u00f1os no exist\u00eda una planta de celulosa moderna en el departamento. Tampoco exist\u00eda un vivero moderno en Sarand\u00ed del Y\u00ed, donde hoy trabajan unas 120 personas de manera permanente, ni una Escuela Agraria en Carlos Reyles. Y podemos seguir con otras inversiones que se han generado aqu\u00ed en el departamento.<\/span><\/p>\n<p class=\"Cuerpo\"><span lang=\"EN-US\">Por eso es bueno ver ese crecimiento, el trabajo conjunto y la articulaci\u00f3n p\u00fablico-privada, porque de eso se trata la construcci\u00f3n de la sociedad.<\/span><\/p>\n<p class=\"Cuerpo\"><span lang=\"EN-US\">Esperemos que as\u00ed sea: poder generar m\u00e1s oportunidades para los j\u00f3venes de la regi\u00f3n; poder mostrar cu\u00e1les son esas oportunidades y ventanas que se generan para acceder, por ejemplo, a nuevos empleos, para el desarrollo de nuevas empresas y para mejorar la competitividad.<\/span><\/p>\n<p class=\"Cuerpo\"><span lang=\"EN-US\">Hoy tenemos, por ejemplo, un nuevo tren que conecta el Puerto de Montevideo con el centro del pa\u00eds, a unos 200 kil\u00f3metros. Todas esas son cosas importantes para seguir mejorando la competitividad del sector agroindustrial. Es un placer poder ser parte hoy de la actividad.<\/span><\/p>\n","protected":false},"excerpt":{"rendered":"<p>El Aeropuerto Internacional de Durazno fue sede este mi\u00e9rcoles 2 de septiembre del encuentro \u201cDurazno: un departamento que elige crecer\u201d, organizado por Somos Uruguay dentro de su ciclo Desayunos \u00datiles. Con una participaci\u00f3n estimada en 350 personas, la jornada reuni\u00f3 a empresarios, inversores y autoridades para analizar las oportunidades de inversi\u00f3n y desarrollo. El intendente [&hellip;]<\/p>\n","protected":false},"author":4,"featured_media":12688,"comment_status":"open","ping_status":"open","sticky":false,"template":"","format":"standard","meta":{"footnotes":""},"categories":[1],"tags":[],"class_list":["post-12687","post","type-post","status-publish","format-standard","has-post-thumbnail","hentry","category-uncategorized"],"_links":{"self":[{"href":"https:\/\/paginacero.com.uy\/index.php?rest_route=\/wp\/v2\/posts\/12687","targetHints":{"allow":["GET"]}}],"collection":[{"href":"https:\/\/paginacero.com.uy\/index.php?rest_route=\/wp\/v2\/posts"}],"about":[{"href":"https:\/\/paginacero.com.uy\/index.php?rest_route=\/wp\/v2\/types\/post"}],"author":[{"embeddable":true,"href":"https:\/\/paginacero.com.uy\/index.php?rest_route=\/wp\/v2\/users\/4"}],"replies":[{"embeddable":true,"href":"https:\/\/paginacero.com.uy\/index.php?rest_route=%2Fwp%2Fv2%2Fcomments&post=12687"}],"version-history":[{"count":1,"href":"https:\/\/paginacero.com.uy\/index.php?rest_route=\/wp\/v2\/posts\/12687\/revisions"}],"predecessor-version":[{"id":12689,"href":"https:\/\/paginacero.com.uy\/index.php?rest_route=\/wp\/v2\/posts\/12687\/revisions\/12689"}],"wp:featuredmedia":[{"embeddable":true,"href":"https:\/\/paginacero.com.uy\/index.php?rest_route=\/wp\/v2\/media\/12688"}],"wp:attachment":[{"href":"https:\/\/paginacero.com.uy\/index.php?rest_route=%2Fwp%2Fv2%2Fmedia&parent=12687"}],"wp:term":[{"taxonomy":"category","embeddable":true,"href":"https:\/\/paginacero.com.uy\/index.php?rest_route=%2Fwp%2Fv2%2Fcategories&post=12687"},{"taxonomy":"post_tag","embeddable":true,"href":"https:\/\/paginacero.com.uy\/index.php?rest_route=%2Fwp%2Fv2%2Ftags&post=12687"}],"curies":[{"name":"wp","href":"https:\/\/api.w.org\/{rel}","templated":true}]}}