{"id":12675,"date":"2026-09-01T15:50:40","date_gmt":"2026-09-01T18:50:40","guid":{"rendered":"https:\/\/paginacero.com.uy\/?p=12675"},"modified":"2026-09-01T15:50:40","modified_gmt":"2026-09-01T18:50:40","slug":"durazno-fue-sede-por-primera-vez-del-torneo-centro-sur-de-hockey","status":"publish","type":"post","link":"https:\/\/paginacero.com.uy\/?p=12675","title":{"rendered":"Durazno fue sede por primera vez del Torneo Centro Sur de Hockey"},"content":{"rendered":"<p><strong>La cancha de c\u00e9sped sint\u00e9tico del estadio Jos\u00e9 Pedro Varela recibi\u00f3 una nueva fecha de la competencia regional, con Cardos Hockey como anfitri\u00f3n y la participaci\u00f3n de equipos de varios departamentos.<\/strong><!--more--><\/p>\n<p>Durazno vivi\u00f3 el\u00a0<b>domingo 30 de agosto<\/b>\u00a0una jornada in\u00e9dita para el\u00a0<b>hockey local<\/b>, al convertirse por primera vez en\u00a0<b>sede de una fecha del Torneo Centro Sur de Hockey.<\/b><\/p>\n<div>\n<div>La actividad se desarroll\u00f3 en la<b>\u00a0cancha de c\u00e9sped sint\u00e9tico del estadio Jos\u00e9 Pedro Varela<\/b>, donde\u00a0<b>Cardos Hockey<\/b>\u00a0de Durazno ofici\u00f3 como anfitri\u00f3n, marcando\u00a0<b>un paso importante para el crecimiento de esta disciplina en el departamento.<\/b><\/div>\n<div><\/div>\n<div>Hasta el momento, Cardos deb\u00eda disputar sus encuentros, tanto en condici\u00f3n de local como de visitante, en otras ciudades. La posibilidad de\u00a0<b>jugar por primera vez una fecha del torneo en Durazno\u00a0<\/b>permiti\u00f3 al equipo\u00a0<b>presentarse ante su p\u00fablico<\/b>\u00a0y, al mismo tiempo,<b>\u00a0recibir a delegaciones de distintos puntos del pa\u00eds.<\/b><\/div>\n<div><\/div>\n<div>La jornada incluy\u00f3 partidos en las<b>\u00a0categor\u00edas Sub 18<\/b>\u00a0y\u00a0<b>Mayores<\/b>, con Cardos como protagonista en ambas divisionales.<\/div>\n<div><\/div>\n<div>Participaron adem\u00e1s\u00a0<b>Sarand\u00ed del Y\u00ed, Gladiadoras, F\u00e9nix de Carmelo, Robles de Flores<\/b>\u00a0y\u00a0<b>Jaguares de San Jos\u00e9<\/b>, conformando una\u00a0<b>nutrida programaci\u00f3n deportiva durante la jornada.<\/b><\/div>\n<div><\/div>\n<div>Integrantes de Cardos destacaron especialmente la posibilidad de\u00a0<b>contar con un escenario adecuado<\/b>\u00a0para recibir la competencia y agradecieron al Gobierno de Durazno por\u00a0<b>facilitar las instalaciones<\/b>\u00a0del estadio Jos\u00e9 Pedro Varela para la realizaci\u00f3n de los encuentros.<\/div>\n<div><\/div>\n<div>La llegada del Torneo Centro Sur por primera vez a Durazno representa un nuevo avance para el hockey local,\u00a0<b>permitiendo que la disciplina contin\u00fae ganando espacio<\/b>\u00a0y que sus deportistas\u00a0<b>puedan competir como locales en el departamento.<\/b><\/div>\n<\/div>\n","protected":false},"excerpt":{"rendered":"<p>La cancha de c\u00e9sped sint\u00e9tico del estadio Jos\u00e9 Pedro Varela recibi\u00f3 una nueva fecha de la competencia regional, con Cardos Hockey como anfitri\u00f3n y la participaci\u00f3n de equipos de varios departamentos.<\/p>\n","protected":false},"author":4,"featured_media":12676,"comment_status":"open","ping_status":"open","sticky":false,"template":"","format":"standard","meta":{"footnotes":""},"categories":[5],"tags":[],"class_list":["post-12675","post","type-post","status-publish","format-standard","has-post-thumbnail","hentry","category-durazno"],"_links":{"self":[{"href":"https:\/\/paginacero.com.uy\/index.php?rest_route=\/wp\/v2\/posts\/12675","targetHints":{"allow":["GET"]}}],"collection":[{"href":"https:\/\/paginacero.com.uy\/index.php?rest_route=\/wp\/v2\/posts"}],"about":[{"href":"https:\/\/paginacero.com.uy\/index.php?rest_route=\/wp\/v2\/types\/post"}],"author":[{"embeddable":true,"href":"https:\/\/paginacero.com.uy\/index.php?rest_route=\/wp\/v2\/users\/4"}],"replies":[{"embeddable":true,"href":"https:\/\/paginacero.com.uy\/index.php?rest_route=%2Fwp%2Fv2%2Fcomments&post=12675"}],"version-history":[{"count":1,"href":"https:\/\/paginacero.com.uy\/index.php?rest_route=\/wp\/v2\/posts\/12675\/revisions"}],"predecessor-version":[{"id":12677,"href":"https:\/\/paginacero.com.uy\/index.php?rest_route=\/wp\/v2\/posts\/12675\/revisions\/12677"}],"wp:featuredmedia":[{"embeddable":true,"href":"https:\/\/paginacero.com.uy\/index.php?rest_route=\/wp\/v2\/media\/12676"}],"wp:attachment":[{"href":"https:\/\/paginacero.com.uy\/index.php?rest_route=%2Fwp%2Fv2%2Fmedia&parent=12675"}],"wp:term":[{"taxonomy":"category","embeddable":true,"href":"https:\/\/paginacero.com.uy\/index.php?rest_route=%2Fwp%2Fv2%2Fcategories&post=12675"},{"taxonomy":"post_tag","embeddable":true,"href":"https:\/\/paginacero.com.uy\/index.php?rest_route=%2Fwp%2Fv2%2Ftags&post=12675"}],"curies":[{"name":"wp","href":"https:\/\/api.w.org\/{rel}","templated":true}]}}