{"id":12669,"date":"2026-09-01T10:18:33","date_gmt":"2026-09-01T13:18:33","guid":{"rendered":"https:\/\/paginacero.com.uy\/?p=12669"},"modified":"2026-09-01T10:18:33","modified_gmt":"2026-09-01T13:18:33","slug":"durazno-se-suma-por-primera-vez-a-la-jornada-mundial-al-aire-libro","status":"publish","type":"post","link":"https:\/\/paginacero.com.uy\/?p=12669","title":{"rendered":"Durazno se suma por primera vez a la jornada mundial \u201cAl Aire Libro\u201d"},"content":{"rendered":"<p><strong>Este martes 1.\u00ba de septiembre, distintos espacios de la ciudad se transformar\u00e1n en puntos de encuentro con la literatura, en el marco de una propuesta que invita a leer, compartir y disfrutar de los libros al aire libre.<\/strong><!--more--><\/p>\n<p>Durazno participar\u00e1 por primera vez de\u00a0<b>\u201cAl Aire Libro\u201d<\/b>, una iniciativa internacional que busca<b>\u00a0reunir a personas de diferentes edades\u00a0<\/b>en espacios p\u00fablicos para\u00a0<b>compartir simult\u00e1neamente el placer de la lectura.<\/b><\/p>\n<div>\n<div>La actividad se desarrollar\u00e1 este\u00a0<b>martes 1.\u00ba de septiembre<\/b>, de\u00a0<b>14:00 a 17:30 horas<\/b>, teniendo como escenarios la\u00a0<b>Plaza Independencia, Sala Lavalleja, Biblioteca Municipal y Plaza 1<\/b>, con participaci\u00f3n de\u00a0<b>escuelas, liceos y p\u00fablico en general.<\/b><\/div>\n<div><\/div>\n<div>La propuesta llega a Durazno impulsada por el\u00a0<b>Colectivo Cultural \u201cLEO con Sumerc\u00e9\u201d<\/b>, en alianza con la\u00a0<b>Biblioteca P\u00fablica<\/b>\u00a0y el\u00a0<b>Gobierno de Durazno<\/b>, con el prop\u00f3sito de\u00a0<b>promover la lectura desde el goce y el disfrute<\/b>, reconocer a la biblioteca como un espacio de\u00a0<b>encuentro\u00a0<\/b>y generar\u00a0<b>nuevos \u00e1mbitos vinculados a la literatura en la ciudad.<\/b><\/div>\n<div><\/div>\n<div>La jornada apunta adem\u00e1s a promover diferentes\u00a0<b>pr\u00e1cticas de lectura, escritura y oralidad\u00a0<\/b>(LEO), junto a\u00a0<b>diversas expresiones art\u00edsticas<\/b>, incentivando el\u00a0<b>encuentro intergeneracional<\/b>\u00a0y comunitario<b>\u00a0a trav\u00e9s de la utilizaci\u00f3n de espacios p\u00fablicos.<\/b><\/div>\n<h5>Una iniciativa que naci\u00f3 en Colombia<\/h5>\n<div>\u201cAl Aire Libro\u201d surgi\u00f3 en Ch\u00eda, Colombia, en 2015, con la idea de reunir a personas en espacios p\u00fablicos para<b>\u00a0leer de manera simult\u00e1nea.<\/b>\u00a0A partir de esa experiencia comenzaron a desarrollarse<b>\u00a0jornadas mundiales<\/b>\u00a0que llevan la\u00a0<b>literatura a plazas, calles y otros lugares no convencionales.<\/b><\/div>\n<div><\/div>\n<div>En Uruguay, la propuesta ha sido desarrollada en los \u00faltimos a\u00f1os con participaci\u00f3n de\u00a0<b>bibliotecas populares\u00a0<\/b>y el\u00a0<b>Ministerio de Educaci\u00f3n y Cultura<\/b>,\u00a0<b>sum\u00e1ndose ahora Durazno por primera vez a esta experiencia.<\/b><\/div>\n<div><\/div>\n<div>La edici\u00f3n 2026 tendr\u00e1 actividades simult\u00e1neas en<b>\u00a0diferentes puntos del pa\u00eds<\/b>\u00a0y permitir\u00e1 que Durazno forme parte de una jornada que propone algo tan sencillo como significativo:<b>\u00a0encontrarse, elegir un libro y compartir el disfrute de leer.<\/b><\/div>\n<div><\/div>\n<\/div>\n","protected":false},"excerpt":{"rendered":"<p>Este martes 1.\u00ba de septiembre, distintos espacios de la ciudad se transformar\u00e1n en puntos de encuentro con la literatura, en el marco de una propuesta que invita a leer, compartir y disfrutar de los libros al aire libre.<\/p>\n","protected":false},"author":4,"featured_media":12670,"comment_status":"open","ping_status":"open","sticky":false,"template":"","format":"standard","meta":{"footnotes":""},"categories":[5],"tags":[],"class_list":["post-12669","post","type-post","status-publish","format-standard","has-post-thumbnail","hentry","category-durazno"],"_links":{"self":[{"href":"https:\/\/paginacero.com.uy\/index.php?rest_route=\/wp\/v2\/posts\/12669","targetHints":{"allow":["GET"]}}],"collection":[{"href":"https:\/\/paginacero.com.uy\/index.php?rest_route=\/wp\/v2\/posts"}],"about":[{"href":"https:\/\/paginacero.com.uy\/index.php?rest_route=\/wp\/v2\/types\/post"}],"author":[{"embeddable":true,"href":"https:\/\/paginacero.com.uy\/index.php?rest_route=\/wp\/v2\/users\/4"}],"replies":[{"embeddable":true,"href":"https:\/\/paginacero.com.uy\/index.php?rest_route=%2Fwp%2Fv2%2Fcomments&post=12669"}],"version-history":[{"count":1,"href":"https:\/\/paginacero.com.uy\/index.php?rest_route=\/wp\/v2\/posts\/12669\/revisions"}],"predecessor-version":[{"id":12671,"href":"https:\/\/paginacero.com.uy\/index.php?rest_route=\/wp\/v2\/posts\/12669\/revisions\/12671"}],"wp:featuredmedia":[{"embeddable":true,"href":"https:\/\/paginacero.com.uy\/index.php?rest_route=\/wp\/v2\/media\/12670"}],"wp:attachment":[{"href":"https:\/\/paginacero.com.uy\/index.php?rest_route=%2Fwp%2Fv2%2Fmedia&parent=12669"}],"wp:term":[{"taxonomy":"category","embeddable":true,"href":"https:\/\/paginacero.com.uy\/index.php?rest_route=%2Fwp%2Fv2%2Fcategories&post=12669"},{"taxonomy":"post_tag","embeddable":true,"href":"https:\/\/paginacero.com.uy\/index.php?rest_route=%2Fwp%2Fv2%2Ftags&post=12669"}],"curies":[{"name":"wp","href":"https:\/\/api.w.org\/{rel}","templated":true}]}}