{"id":12660,"date":"2026-08-31T17:52:23","date_gmt":"2026-08-31T20:52:23","guid":{"rendered":"https:\/\/paginacero.com.uy\/?p=12660"},"modified":"2026-08-31T17:52:23","modified_gmt":"2026-08-31T20:52:23","slug":"comenzo-el-operativo-de-retorno-para-164-familias-afectadas-por-la-inundacion","status":"publish","type":"post","link":"https:\/\/paginacero.com.uy\/?p=12660","title":{"rendered":"Comenz\u00f3 el operativo de retorno para 164 familias afectadas por la inundaci\u00f3n"},"content":{"rendered":"<p class=\"Copete\"><strong><span lang=\"EN-US\">El CECOED inici\u00f3 el operativo de retorno y la entrega de kits de limpieza a las familias afectadas por la \u00faltima creciente del r\u00edo Y\u00ed, que alcanz\u00f3 una altura m\u00e1xima de 9,76 metros. Pablo \u00c1vila inform\u00f3 que quedaron registradas 164 familias, 527 personas y 164 viviendas con ingreso de agua. El trabajo re\u00fane a la Intendencia, el MIDES, Bomberos, UTE y unidades del Ministerio de Defensa Nacional; adem\u00e1s, el coordinador valor\u00f3 la futura instalaci\u00f3n en Durazno de un centro permanente de acopio de ayuda humanitaria del SINAE.<\/span><\/strong><!--more--><\/p>\n<p class=\"Pregunta\"><span lang=\"EN-US\">\u00bfComenz\u00f3 hoy la entrega de productos a las familias afectadas por la \u00faltima inundaci\u00f3n?<\/span><\/p>\n<p class=\"Respuesta\"><span lang=\"EN-US\">Comenz\u00f3 hoy lo que llamamos el operativo de retorno, pero tambi\u00e9n comenz\u00f3 la entrega de los kits, \u00fanicamente a las familias que est\u00e1n inscriptas dentro de este evento. Se hizo efectivo con la gente de la Intendencia, del Ministerio de Desarrollo Social y con el personal de Bomberos, que entreg\u00f3 el hipoclorito. El trabajo se fue haciendo entre las tres instituciones.<\/span><\/p>\n<p class=\"Respuesta\"><span lang=\"EN-US\">Tambi\u00e9n, dentro del operativo de retorno, la Intendencia trabaj\u00f3 junto con el Ministerio de Defensa Nacional, a trav\u00e9s del Batall\u00f3n de Infanter\u00eda Blindado N.\u00ba 13 y el Regimiento de Caballer\u00eda Blindado N.\u00ba 2. Dieron una mano en el traslado de los muebles y con la gente que se va reintegrando a sus hogares despu\u00e9s de esta inundaci\u00f3n, que alcanz\u00f3 los 9,76 metros.<\/span><\/p>\n<p class=\"Pregunta\"><span lang=\"EN-US\">\u00bfCu\u00e1ntas familias afect\u00f3 este \u00faltimo fen\u00f3meno?<\/span><\/p>\n<p class=\"Respuesta\"><span lang=\"EN-US\">En total fueron 164 familias y 527 personas afectadas.<\/span><\/p>\n<p class=\"Pregunta\"><span lang=\"EN-US\">\u00bfY cu\u00e1ntas viviendas?<\/span><\/p>\n<p class=\"Respuesta\"><span lang=\"EN-US\">En total fueron 164 viviendas inscriptas y registradas en el CECOED.<\/span><\/p>\n<p class=\"Pregunta\"><span lang=\"EN-US\">\u00bfPuede haber alguna familia autoevacuada que no haya sido registrada?<\/span><\/p>\n<p class=\"Respuesta\"><span lang=\"EN-US\">Puede haber alguna familia que se haya autoevacuado por sus propios medios y no fuera registrada. Lo que nosotros tenemos registrado son 164 casos.<\/span><\/p>\n<p class=\"Pregunta\"><span lang=\"EN-US\">\u00bfQuiere decir que a esas 164 viviendas les ingres\u00f3 el agua?<\/span><\/p>\n<p class=\"Respuesta\"><span lang=\"EN-US\">Exactamente. Son las viviendas a las que les ingres\u00f3 el agua, con una altura m\u00e1xima del r\u00edo de 9,76 metros en la madrugada del domingo.<\/span><\/p>\n<p class=\"Pregunta\"><span lang=\"EN-US\">Antes del retorno de las familias, \u00bfse hace un relevamiento t\u00e9cnico para comprobar que las viviendas puedan volver a ocuparse? Adem\u00e1s de la desinfecci\u00f3n, est\u00e1n la instalaci\u00f3n el\u00e9ctrica y el suministro de agua potable, porque en las inundaciones siempre existe riesgo de contaminaci\u00f3n.<\/span><\/p>\n<p class=\"Respuesta\"><span lang=\"EN-US\">Exactamente. Muchos de los cortes de energ\u00eda el\u00e9ctrica se hicieron de forma remota. Durante el d\u00eda 25, las cuadrillas de UTE restablecieron el servicio y atendieron tambi\u00e9n una ca\u00edda de l\u00ednea. Se logr\u00f3 recuperar toda la parte el\u00e9ctrica para que la gente pudiera ingresar de forma segura.<\/span><\/p>\n<p class=\"Respuesta\"><span lang=\"EN-US\">En muchos casos el corte se hizo de forma remota y despu\u00e9s las cuadrillas inspeccionaron las viviendas antes de devolver la energ\u00eda a cada domicilio. Luego est\u00e1 la parte de higiene para poder volver: cada familia se hace cargo de la limpieza de su vivienda, sobre todo de las zonas afectadas.<\/span><\/p>\n<p class=\"Pregunta\"><span lang=\"EN-US\">\u00bfTodas las viviendas recuperaron el suministro el\u00e9ctrico?<\/span><\/p>\n<p class=\"Respuesta\"><span lang=\"EN-US\">Por el momento, el suministro de energ\u00eda el\u00e9ctrica est\u00e1 restablecido en la totalidad de las viviendas. No hemos recibido ninguna denuncia en el CECOED. La gente de UTE trat\u00f3 de dar una respuesta lo m\u00e1s inmediata posible para devolver la energ\u00eda a cada uno de los vecinos afectados, tanto por la ca\u00edda de la l\u00ednea como por los cortes realizados de forma remota.<\/span><\/p>\n<p class=\"Pregunta\"><span lang=\"EN-US\">\u00bfQu\u00e9 contienen los kits que se est\u00e1n entregando?<\/span><\/p>\n<p class=\"Respuesta\"><span lang=\"EN-US\">Las canastas vienen con detergente, trapos de piso, cal, brocha y esponjas. Tambi\u00e9n hay algunos \u00fatiles de higiene personal, que se entregan aparte.<\/span><\/p>\n<p class=\"Pregunta\"><span lang=\"EN-US\">\u00bfEn Sarand\u00ed del Y\u00ed el impacto fue menor?<\/span><\/p>\n<p class=\"Respuesta\"><span lang=\"EN-US\">Mucho menor. Fueron tres personas registradas, correspondientes a una familia. Si bien Sarand\u00ed del Y\u00ed tuvo afectaci\u00f3n, el mayor impacto siempre lo termina recibiendo Durazno, como suele suceder.<\/span><\/p>\n<p class=\"Pregunta\"><span lang=\"EN-US\">\u00bfC\u00f3mo continuar\u00e1 la entrega de los kits?<\/span><\/p>\n<p class=\"Respuesta\"><span lang=\"EN-US\">Estamos tratando de completar toda la lista durante esta semana y hacer efectiva la entrega de los kits. Vuelvo a reiterar: solamente a las personas que fueron registradas en el CECOED. Es importante resaltarlo porque puede haber alguna insistencia, pero nosotros pedimos la cantidad correspondiente a los registros que van al Sistema Nacional de Emergencias. Con eso damos respuesta a cada una de las personas registradas.<\/span><\/p>\n<p class=\"Pregunta\"><span lang=\"EN-US\">Tambi\u00e9n se anunci\u00f3 que Durazno tendr\u00e1 un centro permanente de acopio de ayuda humanitaria. \u00bfQu\u00e9 importancia tiene contar con esos materiales cerca ante una emergencia?<\/span><\/p>\n<p class=\"Respuesta\"><span lang=\"EN-US\">Para nosotros ser\u00eda una soluci\u00f3n enorme poder tener al Sistema Nacional de Emergencias en Durazno. Siempre ser\u00e1 bienvenido.<\/span><\/p>\n<p class=\"Respuesta\"><span lang=\"EN-US\">Esperemos que pronto se hagan los \u00faltimos ajustes para saber la ubicaci\u00f3n exacta. En lo que podamos ayudar, vamos a estar, porque sabemos que vamos a necesitar esos materiales, los tendremos de primera mano y estar\u00e1n en Durazno. Eso es important\u00edsimo. Para nosotros ser\u00e1 un privilegio poder tenerlo ac\u00e1.<\/span><\/p>\n<p class=\"Respuesta\"><span lang=\"EN-US\">Ahora estamos esperando la confirmaci\u00f3n. Aparentemente ser\u00eda en la zona de la Fuerza A\u00e9rea, pero todav\u00eda quedan algunos ajustes. Esperemos que se confirme en estos d\u00edas y tener de primera mano toda la ayuda necesaria y la ayuda humanitaria para las personas que puedan verse afectadas por el fen\u00f3meno de El Ni\u00f1o.<\/span><\/p>\n","protected":false},"excerpt":{"rendered":"<p>El CECOED inici\u00f3 el operativo de retorno y la entrega de kits de limpieza a las familias afectadas por la \u00faltima creciente del r\u00edo Y\u00ed, que alcanz\u00f3 una altura m\u00e1xima de 9,76 metros. Pablo \u00c1vila inform\u00f3 que quedaron registradas 164 familias, 527 personas y 164 viviendas con ingreso de agua. El trabajo re\u00fane a la [&hellip;]<\/p>\n","protected":false},"author":4,"featured_media":12661,"comment_status":"open","ping_status":"open","sticky":false,"template":"","format":"standard","meta":{"footnotes":""},"categories":[5],"tags":[],"class_list":["post-12660","post","type-post","status-publish","format-standard","has-post-thumbnail","hentry","category-durazno"],"_links":{"self":[{"href":"https:\/\/paginacero.com.uy\/index.php?rest_route=\/wp\/v2\/posts\/12660","targetHints":{"allow":["GET"]}}],"collection":[{"href":"https:\/\/paginacero.com.uy\/index.php?rest_route=\/wp\/v2\/posts"}],"about":[{"href":"https:\/\/paginacero.com.uy\/index.php?rest_route=\/wp\/v2\/types\/post"}],"author":[{"embeddable":true,"href":"https:\/\/paginacero.com.uy\/index.php?rest_route=\/wp\/v2\/users\/4"}],"replies":[{"embeddable":true,"href":"https:\/\/paginacero.com.uy\/index.php?rest_route=%2Fwp%2Fv2%2Fcomments&post=12660"}],"version-history":[{"count":1,"href":"https:\/\/paginacero.com.uy\/index.php?rest_route=\/wp\/v2\/posts\/12660\/revisions"}],"predecessor-version":[{"id":12662,"href":"https:\/\/paginacero.com.uy\/index.php?rest_route=\/wp\/v2\/posts\/12660\/revisions\/12662"}],"wp:featuredmedia":[{"embeddable":true,"href":"https:\/\/paginacero.com.uy\/index.php?rest_route=\/wp\/v2\/media\/12661"}],"wp:attachment":[{"href":"https:\/\/paginacero.com.uy\/index.php?rest_route=%2Fwp%2Fv2%2Fmedia&parent=12660"}],"wp:term":[{"taxonomy":"category","embeddable":true,"href":"https:\/\/paginacero.com.uy\/index.php?rest_route=%2Fwp%2Fv2%2Fcategories&post=12660"},{"taxonomy":"post_tag","embeddable":true,"href":"https:\/\/paginacero.com.uy\/index.php?rest_route=%2Fwp%2Fv2%2Ftags&post=12660"}],"curies":[{"name":"wp","href":"https:\/\/api.w.org\/{rel}","templated":true}]}}