{"id":12657,"date":"2026-08-31T17:50:38","date_gmt":"2026-08-31T20:50:38","guid":{"rendered":"https:\/\/paginacero.com.uy\/?p=12657"},"modified":"2026-08-31T17:50:38","modified_gmt":"2026-08-31T20:50:38","slug":"casavalle-reclamo-mejoras-de-accesibilidad-y-seguridad-en-el-acceso-a-la-terminal-de-omnibus","status":"publish","type":"post","link":"https:\/\/paginacero.com.uy\/?p=12657","title":{"rendered":"Casavalle reclam\u00f3 mejoras de accesibilidad y seguridad en el acceso a la terminal de \u00f3mnibus"},"content":{"rendered":"<p><strong>La edila Ana Laura Casavalle (Lista 609, Frente Amplio) advirti\u00f3 que, pese a los planteos realizados meses atr\u00e1s ante la Junta Departamental y el consorcio encargado de la obra, el acceso peatonal a la terminal de \u00f3mnibus contin\u00faa presentando dificultades de accesibilidad, circulaci\u00f3n, se\u00f1alizaci\u00f3n, iluminaci\u00f3n y estacionamiento.<\/strong><\/p>\n<p>por Enrique Antonio<!--more--><\/p>\n<p>Durante la sesi\u00f3n de la Junta Departamental, la edila Ana Laura Casavalle centr\u00f3 su intervenci\u00f3n en las condiciones de acceso peatonal a la terminal de \u00f3mnibus de Durazno, particularmente mientras contin\u00faan las obras.<\/p>\n<p>Casavalle record\u00f3 que el 29 de mayo, durante una sesi\u00f3n extraordinaria en la que compareci\u00f3 la empresa Steeler, uno de los temas abordados fue precisamente el acceso peatonal a la terminal. En aquella oportunidad, seg\u00fan se\u00f1al\u00f3, el consorcio hab\u00eda quedado en acondicionarlo.<\/p>\n<p>La situaci\u00f3n, adem\u00e1s, ya hab\u00eda sido planteada anteriormente en la Junta, en marzo, cuando se discutieron las condiciones de accesibilidad en las \u00e1reas de carga y descarga y en los espacios destinados a la circulaci\u00f3n de peatones.<\/p>\n<p><strong>\u201cNada de esto ha sido subsanado\u201d<\/strong><\/p>\n<p>La edila sostuvo que, con la obra actualmente en marcha, los problemas contin\u00faan.<\/p>\n<p>Seg\u00fan explic\u00f3, la terminal cuenta con un \u00fanico acceso cuyas dimensiones no cumplir\u00edan con la normativa de accesibilidad. Si bien existe una rampa para personas con movilidad reducida en el interior, antes del ingreso a los andenes, no existe un acceso adecuado desde la calle hasta esa rampa.<\/p>\n<p>Uno de los principales problemas se encuentra en la vereda de acceso, cuyo ancho se encuentra reducido por la ubicaci\u00f3n de la valla perimetral.<\/p>\n<p>Casavalle se\u00f1al\u00f3 que el espacio restante no permite el paso c\u00f3modo de dos personas, de una persona con un carrito de beb\u00e9 y mucho menos de una persona usuaria de silla de ruedas.<\/p>\n<p>A esto se suma, seg\u00fan describi\u00f3, el estado irregular del pavimento y el hecho de que solamente una parte reducida del tramo se encuentra pavimentada.<\/p>\n<p><strong>Problemas con los veh\u00edculos estacionados<\/strong><\/p>\n<p><strong>\u00a0<\/strong>Otro de los aspectos se\u00f1alados fue el incumplimiento de la indicaci\u00f3n que establece que los veh\u00edculos pueden permanecer un m\u00e1ximo de 15 minutos estacionados frente al acceso.<\/p>\n<p>La edila afirm\u00f3 que esta disposici\u00f3n no se cumple y que tampoco existe una fiscalizaci\u00f3n suficiente.<\/p>\n<p>Como consecuencia, quienes intentan acceder a la terminal muchas veces deben bajar a la calle y rodear los veh\u00edculos estacionados, aumentando los riesgos para los peatones.<\/p>\n<p><strong>Falta de se\u00f1alizaci\u00f3n e iluminaci\u00f3n<\/strong><\/p>\n<p><strong>\u00a0<\/strong>Casavalle tambi\u00e9n marc\u00f3 que el acceso no se encuentra correctamente se\u00f1alizado y que la zona carece de iluminaci\u00f3n espec\u00edfica, m\u00e1s all\u00e1 de la iluminaci\u00f3n general de la calle.<\/p>\n<p>La edila remarc\u00f3 que se trata de un punto de alta circulaci\u00f3n de pasajeros, aunque no exista una cifra fija oficial sobre la cantidad de \u00f3mnibus diarios, ya que las frecuencias var\u00edan seg\u00fan el d\u00eda, la temporada y los horarios de las empresas.<\/p>\n<p>\u201cSabemos que el flujo de pasajeros es un n\u00famero elevado\u201d, se\u00f1al\u00f3.<\/p>\n<p>Para Casavalle, precisamente uno de los motivos de la construcci\u00f3n de una nueva terminal es poder contar con una infraestructura adecuada para una ciudad de estas caracter\u00edsticas.<\/p>\n<p>Propuestas para garantizar una circulaci\u00f3n accesible<\/p>\n<p>La edila present\u00f3 una serie de medidas que, a su entender, deber\u00edan contemplarse mientras contin\u00faan las obras.<\/p>\n<p><strong>Entre ellas mencion\u00f3:<\/strong><\/p>\n<p><strong>Caminos accesibles:<\/strong> caminos peatonales provisionales con un ancho m\u00ednimo de 1,20 metros, permitiendo el paso de sillas de ruedas y coches de beb\u00e9.<\/p>\n<p><strong>Superficies firmes y regulares:<\/strong> un pavimento continuo y adecuado en el acceso.<\/p>\n<p><strong>Carteler\u00eda de alta visibilidad: <\/strong>se\u00f1ales claras, con pictogramas, tipograf\u00eda grande y colores contrastantes.<\/p>\n<p><strong>Iluminaci\u00f3n reforzada:<\/strong> garantizar que los senderos peatonales provisionales permanezcan correctamente iluminados durante la noche y en sectores oscuros.<\/p>\n<p><strong>Fiscalizaci\u00f3n:<\/strong> especialmente durante las horas de mayor circulaci\u00f3n, para evitar que los veh\u00edculos bloqueen el acceso.<\/p>\n<p>\u201cTodav\u00eda queda un tiempo de obra considerable\u201d<\/p>\n<p>Casavalle consider\u00f3 que las medidas deben implementarse con rapidez, dado que todav\u00eda resta un per\u00edodo importante para la finalizaci\u00f3n de los trabajos.<\/p>\n<p>La edila enfatiz\u00f3 que estos aspectos ya hab\u00edan sido planteados anteriormente, tanto en la Junta como ante el consorcio responsable de la obra durante la sesi\u00f3n extraordinaria realizada cinco meses atr\u00e1s.<\/p>\n<p>\u201cEs necesario y a la brevedad llevar a cabo estas medidas\u201d, sostuvo.<\/p>\n<p>Finalmente, solicit\u00f3 que sus palabras fueran remitidas a las Comisiones de Obras y Tr\u00e1nsito y al Ejecutivo Departamental.<\/p>\n","protected":false},"excerpt":{"rendered":"<p>La edila Ana Laura Casavalle (Lista 609, Frente Amplio) advirti\u00f3 que, pese a los planteos realizados meses atr\u00e1s ante la Junta Departamental y el consorcio encargado de la obra, el acceso peatonal a la terminal de \u00f3mnibus contin\u00faa presentando dificultades de accesibilidad, circulaci\u00f3n, se\u00f1alizaci\u00f3n, iluminaci\u00f3n y estacionamiento. por Enrique Antonio<\/p>\n","protected":false},"author":4,"featured_media":12658,"comment_status":"open","ping_status":"open","sticky":false,"template":"","format":"standard","meta":{"footnotes":""},"categories":[5,29],"tags":[],"class_list":["post-12657","post","type-post","status-publish","format-standard","has-post-thumbnail","hentry","category-durazno","category-junta-departamental"],"_links":{"self":[{"href":"https:\/\/paginacero.com.uy\/index.php?rest_route=\/wp\/v2\/posts\/12657","targetHints":{"allow":["GET"]}}],"collection":[{"href":"https:\/\/paginacero.com.uy\/index.php?rest_route=\/wp\/v2\/posts"}],"about":[{"href":"https:\/\/paginacero.com.uy\/index.php?rest_route=\/wp\/v2\/types\/post"}],"author":[{"embeddable":true,"href":"https:\/\/paginacero.com.uy\/index.php?rest_route=\/wp\/v2\/users\/4"}],"replies":[{"embeddable":true,"href":"https:\/\/paginacero.com.uy\/index.php?rest_route=%2Fwp%2Fv2%2Fcomments&post=12657"}],"version-history":[{"count":1,"href":"https:\/\/paginacero.com.uy\/index.php?rest_route=\/wp\/v2\/posts\/12657\/revisions"}],"predecessor-version":[{"id":12659,"href":"https:\/\/paginacero.com.uy\/index.php?rest_route=\/wp\/v2\/posts\/12657\/revisions\/12659"}],"wp:featuredmedia":[{"embeddable":true,"href":"https:\/\/paginacero.com.uy\/index.php?rest_route=\/wp\/v2\/media\/12658"}],"wp:attachment":[{"href":"https:\/\/paginacero.com.uy\/index.php?rest_route=%2Fwp%2Fv2%2Fmedia&parent=12657"}],"wp:term":[{"taxonomy":"category","embeddable":true,"href":"https:\/\/paginacero.com.uy\/index.php?rest_route=%2Fwp%2Fv2%2Fcategories&post=12657"},{"taxonomy":"post_tag","embeddable":true,"href":"https:\/\/paginacero.com.uy\/index.php?rest_route=%2Fwp%2Fv2%2Ftags&post=12657"}],"curies":[{"name":"wp","href":"https:\/\/api.w.org\/{rel}","templated":true}]}}